{"id":1407,"date":"2022-03-28T15:04:13","date_gmt":"2022-03-28T15:04:13","guid":{"rendered":"https:\/\/blog.ksk.ch\/?p=1407"},"modified":"2022-03-30T11:16:49","modified_gmt":"2022-03-30T11:16:49","slug":"sustaina-bean-ksk-goes-green","status":"publish","type":"post","link":"https:\/\/blog.ksk.ch\/index.php\/2022\/03\/28\/sustaina-bean-ksk-goes-green\/","title":{"rendered":"Sustain&#8217;a bean &#8211; KSK goes green"},"content":{"rendered":"\n<p>Die Sch\u00fclerinnen und Sch\u00fcler der Klasse 2Mc haben beschlossen, einen Schritt in Richtung Nachhaltigkeit zu gehen und initiieren ein Caf\u00e9, in dem sie nachhaltigen Kaffee anbieten. Voraussichtlich nach den Vorsommerferien wird das Caf\u00e9 seine T\u00fcren \u00f6ffnen.<\/p>\n\n\n\n<p><em>Ronja Olsen &amp; Solveig Redler<\/em><\/p>\n\n\n\n<p><\/p>\n\n\n\n<p class=\"has-drop-cap\">Sustaina\u2019bean, das steht an der T\u00fcr des ehemaligen Mikrowellenraumes. Was bislang eher als trist daherkam, ist neuerdings bunt und einladend. Poster und Vinyl-Platten schm\u00fccken die W\u00e4nde, neue B\u00fccherregale sorgen f\u00fcr Unterhaltung, der Duft von Kaffee h\u00e4ngt in der Luft, der Raum \u00fcbt einen gewissen Sog aus: Hier k\u00f6nnen KSK-lerinnen und KSK-ler eine gem\u00fctliche Pause verbringen und sich vom Stress des Tages bei einem leckeren Kaffee in guter Gesellschaft erholen.<\/p>\n\n\n\n<p>Warum Kaffee? Warum nachhaltig?<\/p>\n\n\n\n<p>Jedes Jahr organisiert die EDUKI-Foundation einen Wettbewerb f\u00fcr junge Menschen, der sich mit Nachhaltigkeitszielen besch\u00e4ftigt. In diesem Jahr geht der EDUKI-Wettbewerb in die achte Runde und konzentriert sich auf Nachhaltigkeit in St\u00e4dten, auf Konsum und Produktion und auf das Bewusstsein f\u00fcr die Klimakrise.<\/p>\n\n\n\n<figure class=\"wp-block-gallery columns-2 is-cropped wp-block-gallery-1 is-layout-flex wp-block-gallery-is-layout-flex\"><ul class=\"blocks-gallery-grid\"><li class=\"blocks-gallery-item\"><figure><img fetchpriority=\"high\" decoding=\"async\" width=\"768\" height=\"1024\" src=\"https:\/\/blog.ksk.ch\/wp-content\/uploads\/2022\/03\/LuC-03-2022-768x1024.jpeg\" alt=\"\" data-id=\"1460\" data-full-url=\"https:\/\/blog.ksk.ch\/wp-content\/uploads\/2022\/03\/LuC-03-2022.jpeg\" data-link=\"https:\/\/blog.ksk.ch\/?attachment_id=1460\" class=\"wp-image-1460\" srcset=\"https:\/\/blog.ksk.ch\/wp-content\/uploads\/2022\/03\/LuC-03-2022-768x1024.jpeg 768w, https:\/\/blog.ksk.ch\/wp-content\/uploads\/2022\/03\/LuC-03-2022-225x300.jpeg 225w, https:\/\/blog.ksk.ch\/wp-content\/uploads\/2022\/03\/LuC-03-2022-1152x1536.jpeg 1152w, https:\/\/blog.ksk.ch\/wp-content\/uploads\/2022\/03\/LuC-03-2022.jpeg 1536w\" sizes=\"(max-width: 768px) 100vw, 768px\" \/><\/figure><\/li><li class=\"blocks-gallery-item\"><figure><img decoding=\"async\" width=\"768\" height=\"1024\" src=\"https:\/\/blog.ksk.ch\/wp-content\/uploads\/2022\/03\/Luc-03-2022-Preisliste-768x1024.jpeg\" alt=\"\" data-id=\"1461\" data-full-url=\"https:\/\/blog.ksk.ch\/wp-content\/uploads\/2022\/03\/Luc-03-2022-Preisliste.jpeg\" data-link=\"https:\/\/blog.ksk.ch\/?attachment_id=1461\" class=\"wp-image-1461\" srcset=\"https:\/\/blog.ksk.ch\/wp-content\/uploads\/2022\/03\/Luc-03-2022-Preisliste-768x1024.jpeg 768w, https:\/\/blog.ksk.ch\/wp-content\/uploads\/2022\/03\/Luc-03-2022-Preisliste-225x300.jpeg 225w, https:\/\/blog.ksk.ch\/wp-content\/uploads\/2022\/03\/Luc-03-2022-Preisliste-1152x1536.jpeg 1152w, https:\/\/blog.ksk.ch\/wp-content\/uploads\/2022\/03\/Luc-03-2022-Preisliste.jpeg 1536w\" sizes=\"(max-width: 768px) 100vw, 768px\" \/><\/figure><\/li><\/ul><figcaption class=\"blocks-gallery-caption\">Neue Wandgestaltung im ehemaligen Mikrowellenraum. (zVg)<\/figcaption><\/figure>\n\n\n\n<p>Die Klasse 2MC nimmt an diesem Wettbewerb teil und eine Gruppe der Klasse hat sich entschieden, ein nachhaltiges Caf\u00e9 im Mikrowellenraum zu&nbsp;initiieren. Nach einem kurzen Brainstorming wurden bereits die ersten E-Mails an die Schulleitung geschrieben. Die Sch\u00fcler hatten Ideen im \u00dcberfluss, doch leider war es nicht m\u00f6glich, alle so umzusetzen, wie sie sich das gew\u00fcnscht hatten. So konnte die Vorstellung, mit B\u00e4ckereien zusammenzuarbeiten und unverkaufte Ware vom Vortag zu einem g\u00fcnstigen Preis anzubieten, nicht m\u00f6glich gemacht werden, da die Mensa nicht konkurriert werden darf. Auch die Erweiterung mit einem Repair- und Recycle-Workshop konnte bis jetzt nicht umgesetzt werden, aber vielleicht ist das etwas f\u00fcr die Zukunft. Als die Planungsphase vor\u00fcber war und die Klasse den definitiven Startschuss von Herrn Indino bekommen hatte, wurde direkt losgelegt. Der erste Schritt war es, den Raum zu dekorieren und einladender zu gestalten, beispielsweise mit Hilfe von Postern, welche daran erinnern, der Umwelt Sorge zu halten. Oder mit alten Schallplatten, die die W\u00e4nde zieren. Als n\u00e4chstes mussten Tassen her und nat\u00fcrlich brauchten wir eine Kaffeemaschine. Die Einrichtung des Caf\u00e9s ging in den Endspurt. Mittlerweile ist alles bereit, der nachhaltige Kaffee kann also bald ausgeschenkt werden.<\/p>\n\n\n\n<p>Mit dem Ziel, Abfall zu reduzieren, bietet das Sustaina\u2019bean <strong>voraussichtlich nach den Pfingsferien<\/strong> <strong>t\u00e4glich in der Zeit\u00a0von 07.40 \u2013 08.00 und 09.40 \u2013 10.00<\/strong>, also kurz vor der Schule und in der 20-Minuten-Pause, nachhaltigen Kaffee an, um die Wegwerfbecher des Kaffeeautomaten zu vermeiden. Die 2Mc hat beschlossen, einen Coffeeshop einzurichten, der allen Sch\u00fclerinnen und Sch\u00fclern zur Verf\u00fcgung steht und in dem Kaffee in wiederverwendbaren Tassen verkauft wird. Die Tassen bringt jeder selbst mit, so kann auch in der Schule die Lieblingstasse zum Einsatz kommen. Wer das nicht mag oder seine Tasse vergessen hat, kann selbstverst\u00e4ndlich auch gegen Pfand eine ausleihen. <\/p>\n\n\n\n<figure class=\"wp-block-image is-resized\"><img decoding=\"async\" src=\"https:\/\/blog.ksk.ch\/wp-content\/uploads\/2022\/03\/sustainabean-Preisliste-pdf-724x1024.jpg\" alt=\"\" class=\"wp-image-1458\" width=\"724\" height=\"1024\"\/><figcaption>Preisliste des nachhaltigen Caf\u00e9s &#171;sustaina&#8217;bean&#187;. (zVg)<\/figcaption><\/figure>\n","protected":false},"excerpt":{"rendered":"<p>Die Sch\u00fclerinnen und Sch\u00fcler der Klasse 2Mc haben beschlossen, einen Schritt in Richtung Nachhaltigkeit zu gehen und initiieren ein Caf\u00e9, in dem sie nachhaltigen Kaffee&hellip;<\/p>\n<p> <a class=\"more-link\" href=\"https:\/\/blog.ksk.ch\/index.php\/2022\/03\/28\/sustaina-bean-ksk-goes-green\/\">Read more<\/a><\/p>\n","protected":false},"author":30,"featured_media":1411,"comment_status":"open","ping_status":"open","sticky":false,"template":"","format":"standard","meta":{"footnotes":""},"categories":[1],"tags":[],"class_list":{"0":"post-1407","1":"post","2":"type-post","3":"status-publish","4":"format-standard","5":"has-post-thumbnail","7":"category-allgemein"},"publishpress_future_action":{"enabled":false,"date":"2026-05-06 22:54:58","action":"change-status","newStatus":"draft","terms":[],"taxonomy":"category","extraData":[]},"publishpress_future_workflow_manual_trigger":{"enabledWorkflows":[]},"_links":{"self":[{"href":"https:\/\/blog.ksk.ch\/index.php\/wp-json\/wp\/v2\/posts\/1407","targetHints":{"allow":["GET"]}}],"collection":[{"href":"https:\/\/blog.ksk.ch\/index.php\/wp-json\/wp\/v2\/posts"}],"about":[{"href":"https:\/\/blog.ksk.ch\/index.php\/wp-json\/wp\/v2\/types\/post"}],"author":[{"embeddable":true,"href":"https:\/\/blog.ksk.ch\/index.php\/wp-json\/wp\/v2\/users\/30"}],"replies":[{"embeddable":true,"href":"https:\/\/blog.ksk.ch\/index.php\/wp-json\/wp\/v2\/comments?post=1407"}],"version-history":[{"count":21,"href":"https:\/\/blog.ksk.ch\/index.php\/wp-json\/wp\/v2\/posts\/1407\/revisions"}],"predecessor-version":[{"id":1486,"href":"https:\/\/blog.ksk.ch\/index.php\/wp-json\/wp\/v2\/posts\/1407\/revisions\/1486"}],"wp:featuredmedia":[{"embeddable":true,"href":"https:\/\/blog.ksk.ch\/index.php\/wp-json\/wp\/v2\/media\/1411"}],"wp:attachment":[{"href":"https:\/\/blog.ksk.ch\/index.php\/wp-json\/wp\/v2\/media?parent=1407"}],"wp:term":[{"taxonomy":"category","embeddable":true,"href":"https:\/\/blog.ksk.ch\/index.php\/wp-json\/wp\/v2\/categories?post=1407"},{"taxonomy":"post_tag","embeddable":true,"href":"https:\/\/blog.ksk.ch\/index.php\/wp-json\/wp\/v2\/tags?post=1407"}],"curies":[{"name":"wp","href":"https:\/\/api.w.org\/{rel}","templated":true}]}}