{"id":1748,"date":"2022-06-23T06:58:17","date_gmt":"2022-06-23T06:58:17","guid":{"rendered":"https:\/\/blog.ksk.ch\/?p=1748"},"modified":"2022-06-23T06:59:54","modified_gmt":"2022-06-23T06:59:54","slug":"kennenlerntag-an-der-ksk","status":"publish","type":"post","link":"https:\/\/blog.ksk.ch\/index.php\/2022\/06\/23\/kennenlerntag-an-der-ksk\/","title":{"rendered":"KSK-Luft geschnuppert"},"content":{"rendered":"\n<p><em>Die 4. Klassen befinden sich zwischen ihren schriftlichen und m\u00fcndlichen Maturapr\u00fcfungen. Ihre Nachfolgerinnen und Nachfolger stehen schon in den Startl\u00f6chern: Die k\u00fcnftigen 1. Klassen konnten am Kennenlern-Nachmittag einen ersten Eindruck ihrer neuen Schule gewinnen.<\/em><\/p>\n\n\n\n<figure class=\"wp-block-image size-large\"><img fetchpriority=\"high\" decoding=\"async\" width=\"1024\" height=\"576\" src=\"https:\/\/blog.ksk.ch\/wp-content\/uploads\/2022\/06\/ToC-2022-014-1024x576.jpg\" alt=\"\" class=\"wp-image-1753\" srcset=\"https:\/\/blog.ksk.ch\/wp-content\/uploads\/2022\/06\/ToC-2022-014-1024x576.jpg 1024w, https:\/\/blog.ksk.ch\/wp-content\/uploads\/2022\/06\/ToC-2022-014-300x169.jpg 300w, https:\/\/blog.ksk.ch\/wp-content\/uploads\/2022\/06\/ToC-2022-014-768x432.jpg 768w, https:\/\/blog.ksk.ch\/wp-content\/uploads\/2022\/06\/ToC-2022-014-1536x864.jpg 1536w, https:\/\/blog.ksk.ch\/wp-content\/uploads\/2022\/06\/ToC-2022-014-2048x1152.jpg 2048w\" sizes=\"(max-width: 1024px) 100vw, 1024px\" \/><figcaption>Die k\u00fcnftigen 1. Klassen lauschen dem Streichtrio um Shania Wendel, Hannah Strauss und Mattea N\u00e4geli. (Corina Tobler)<\/figcaption><\/figure>\n\n\n\n<p><em>Carina Lukosch<\/em><\/p>\n\n\n\n<p class=\"has-drop-cap has-text-align-left\">Noch ein wenig sch\u00fcchtern stehen die zuk\u00fcnftigen KSK-lerinnen und KSK-ler auf dem Hof, lassen sich von der Sonne bescheinen und lauschen einem Streichtrio. Mit dem Wunsch, die letzten Tage an der Sekundarschule zu geniessen und die Schulzeit dort gut abzuschliessen, begr\u00fcsst Rektor Marcello Indino die neuen Erstkl\u00e4sslerinnen und Erstkl\u00e4ssler an der KSK. Nat\u00fcrlich sei der Blick schon jetzt auf das gerichtet, was im August komme, genauso wichtig wie ein erster Tag sei aber auch der letzte: Einen guten Abschluss finden heisse, zufrieden auf etwas zur\u00fcckzublicken.&nbsp;<\/p>\n\n\n\n<p class=\"has-text-align-left\">Aufgeteilt in drei Klassen \u2013 davon eine immersiv und eine mit naturwissenschaftlichem Schwerpunkt \u2013 gehen die neuen Sch\u00fclerinnen und Sch\u00fcler mit ihren Klassenlehrerinnen, Gisela Eggenberger, Johanna Feil und Carina Lukosch f\u00fcr ein kurzes Kennenlernen in ihre Klassenzimmer, bevor sie mit ihren G\u00f6ttis und Gottis aus den aktuellen 3. Klassen die Schule geografisch, technisch und personell erkunden. Fragen wie: Zu wem kann ich gehen, wenn meine Mailadresse nicht funktioniert? Wo bekomme ich die Queues f\u00fcr den Billardtisch her? Wie lade ich meine Campus Card auf? Wen frage ich, wenn ich nicht weiss, wer zust\u00e4ndig ist? Und was ist eigentlich die SO? werden hier beantwortet. Erste Fotos der neuen Klassen werden sowohl beim Fotoshooting als auch beim Posten \u00abKreativ\u00bb gemacht.<\/p>\n\n\n\n<figure class=\"wp-block-image size-large\"><img decoding=\"async\" width=\"1024\" height=\"694\" src=\"https:\/\/blog.ksk.ch\/wp-content\/uploads\/2022\/06\/ToC-2022-015-1024x694.jpg\" alt=\"\" class=\"wp-image-1754\" srcset=\"https:\/\/blog.ksk.ch\/wp-content\/uploads\/2022\/06\/ToC-2022-015-1024x694.jpg 1024w, https:\/\/blog.ksk.ch\/wp-content\/uploads\/2022\/06\/ToC-2022-015-300x203.jpg 300w, https:\/\/blog.ksk.ch\/wp-content\/uploads\/2022\/06\/ToC-2022-015-768x520.jpg 768w, https:\/\/blog.ksk.ch\/wp-content\/uploads\/2022\/06\/ToC-2022-015-1536x1041.jpg 1536w, https:\/\/blog.ksk.ch\/wp-content\/uploads\/2022\/06\/ToC-2022-015-2048x1387.jpg 2048w\" sizes=\"(max-width: 1024px) 100vw, 1024px\" \/><figcaption>Marcello Indino betont die Wichtigkeit eines sch\u00f6nen Abschlusses an der Sek. (Corina Tobler)<\/figcaption><\/figure>\n\n\n\n<p class=\"has-text-align-left\">Wir freuen uns auf das neue Schuljahr, w\u00fcnschen allen gute Abschiede von der Sekundarschule und im August einen gelungenen Start an der KSK!<\/p>\n\n\n\n<div class=\"wp-block-image\"><figure class=\"aligncenter size-large\"><img decoding=\"async\" width=\"768\" height=\"1024\" src=\"https:\/\/blog.ksk.ch\/wp-content\/uploads\/2022\/06\/2022-BiR-003-768x1024.jpg\" alt=\"\" class=\"wp-image-1755\" srcset=\"https:\/\/blog.ksk.ch\/wp-content\/uploads\/2022\/06\/2022-BiR-003-768x1024.jpg 768w, https:\/\/blog.ksk.ch\/wp-content\/uploads\/2022\/06\/2022-BiR-003-225x300.jpg 225w, https:\/\/blog.ksk.ch\/wp-content\/uploads\/2022\/06\/2022-BiR-003-1152x1536.jpg 1152w, https:\/\/blog.ksk.ch\/wp-content\/uploads\/2022\/06\/2022-BiR-003.jpg 1432w\" sizes=\"(max-width: 768px) 100vw, 768px\" \/><figcaption>Zum Abschluss steigen die Ballone mit Nachrichten f\u00fcr ihre Finder in den Himmel. (Raoul Bigler)<\/figcaption><\/figure><\/div>\n","protected":false},"excerpt":{"rendered":"<p>Die 4. Klassen befinden sich zwischen ihren schriftlichen und m\u00fcndlichen Maturapr\u00fcfungen. Ihre Nachfolgerinnen und Nachfolger stehen schon in den Startl\u00f6chern: Die k\u00fcnftigen 1. Klassen konnten&hellip;<\/p>\n<p> <a class=\"more-link\" href=\"https:\/\/blog.ksk.ch\/index.php\/2022\/06\/23\/kennenlerntag-an-der-ksk\/\">Read more<\/a><\/p>\n","protected":false},"author":13,"featured_media":1753,"comment_status":"open","ping_status":"open","sticky":false,"template":"","format":"standard","meta":{"footnotes":""},"categories":[1],"tags":[],"class_list":{"0":"post-1748","1":"post","2":"type-post","3":"status-publish","4":"format-standard","5":"has-post-thumbnail","7":"category-allgemein"},"publishpress_future_action":{"enabled":false,"date":"2026-05-02 04:41:52","action":"change-status","newStatus":"draft","terms":[],"taxonomy":"category","extraData":[]},"publishpress_future_workflow_manual_trigger":{"enabledWorkflows":[]},"_links":{"self":[{"href":"https:\/\/blog.ksk.ch\/index.php\/wp-json\/wp\/v2\/posts\/1748","targetHints":{"allow":["GET"]}}],"collection":[{"href":"https:\/\/blog.ksk.ch\/index.php\/wp-json\/wp\/v2\/posts"}],"about":[{"href":"https:\/\/blog.ksk.ch\/index.php\/wp-json\/wp\/v2\/types\/post"}],"author":[{"embeddable":true,"href":"https:\/\/blog.ksk.ch\/index.php\/wp-json\/wp\/v2\/users\/13"}],"replies":[{"embeddable":true,"href":"https:\/\/blog.ksk.ch\/index.php\/wp-json\/wp\/v2\/comments?post=1748"}],"version-history":[{"count":3,"href":"https:\/\/blog.ksk.ch\/index.php\/wp-json\/wp\/v2\/posts\/1748\/revisions"}],"predecessor-version":[{"id":1757,"href":"https:\/\/blog.ksk.ch\/index.php\/wp-json\/wp\/v2\/posts\/1748\/revisions\/1757"}],"wp:featuredmedia":[{"embeddable":true,"href":"https:\/\/blog.ksk.ch\/index.php\/wp-json\/wp\/v2\/media\/1753"}],"wp:attachment":[{"href":"https:\/\/blog.ksk.ch\/index.php\/wp-json\/wp\/v2\/media?parent=1748"}],"wp:term":[{"taxonomy":"category","embeddable":true,"href":"https:\/\/blog.ksk.ch\/index.php\/wp-json\/wp\/v2\/categories?post=1748"},{"taxonomy":"post_tag","embeddable":true,"href":"https:\/\/blog.ksk.ch\/index.php\/wp-json\/wp\/v2\/tags?post=1748"}],"curies":[{"name":"wp","href":"https:\/\/api.w.org\/{rel}","templated":true}]}}