{"id":1935,"date":"2022-10-03T08:24:03","date_gmt":"2022-10-03T08:24:03","guid":{"rendered":"https:\/\/blog.ksk.ch\/?p=1935"},"modified":"2022-10-06T14:41:15","modified_gmt":"2022-10-06T14:41:15","slug":"kein-unterricht-nach-stundenplan","status":"publish","type":"post","link":"https:\/\/blog.ksk.ch\/index.php\/2022\/10\/03\/kein-unterricht-nach-stundenplan\/","title":{"rendered":"Kein Unterricht nach Stundenplan"},"content":{"rendered":"\n<p>Die 1. Klassen waren im Klassenlager, die 3. und 4. im Auslandaufenthalt in Frankreich und England. Nur die 2. Klassen hielten im Schulhaus die Stellung. Sie besch\u00e4ftigten sich in der interdisziplin\u00e4ren Sonderwoche unter anderem mit Themen wie Gl\u00fcck, Protestsongs, Fabeln und Druck oder K\u00fcnstliche Intelligenz.<\/p>\n\n\n\n<p><em>Raoul Bigler<\/em><\/p>\n\n\n\n<p class=\"has-drop-cap\">Es duftete k\u00f6stlich in den G\u00e4ngen des C-Geb\u00e4udes der KSK. Eine Gruppe von Sch\u00fclerinnen und Sch\u00fcler war damit besch\u00e4ftigt, sich ihr Mittagessen zuzubereiten &#8211; Fajitas und ein Schokoladesauerrahmdessert. Am eigenen Leib sollten sie austesten, welchen Einfluss die Ern\u00e4hrung auf das Wohlbefinden und das Gl\u00fccksgef\u00fchl hat. Als Ausgleich dazu besuchten die Teilnehmerinnen und Teilnehmer dieser Woche den Seilpark in Neuhausen, um herauszufinden, wie Sport das Gl\u00fccksempfinden beeinflusst. Neben der ganzen k\u00f6rperlichen Auseinandersetzung mit dem Thema wurde auch dar\u00fcber diskutiert, welche Rezepte zum Gl\u00fcck die antike Philosophie hat oder ob sich das Gl\u00fcck in Spielen berechnen l\u00e4sst.<\/p>\n\n\n\n<div class=\"wp-block-columns is-layout-flex wp-container-core-columns-is-layout-9d6595d7 wp-block-columns-is-layout-flex\">\n<div class=\"wp-block-column is-layout-flow wp-block-column-is-layout-flow\">\n<figure class=\"wp-block-image size-large\"><img fetchpriority=\"high\" decoding=\"async\" width=\"768\" height=\"1024\" src=\"https:\/\/blog.ksk.ch\/wp-content\/uploads\/2022\/09\/IMG_20220927_122304-768x1024.jpg\" alt=\"\" class=\"wp-image-1937\" srcset=\"https:\/\/blog.ksk.ch\/wp-content\/uploads\/2022\/09\/IMG_20220927_122304-768x1024.jpg 768w, https:\/\/blog.ksk.ch\/wp-content\/uploads\/2022\/09\/IMG_20220927_122304-225x300.jpg 225w, https:\/\/blog.ksk.ch\/wp-content\/uploads\/2022\/09\/IMG_20220927_122304-1152x1536.jpg 1152w, https:\/\/blog.ksk.ch\/wp-content\/uploads\/2022\/09\/IMG_20220927_122304.jpg 1500w\" sizes=\"(max-width: 768px) 100vw, 768px\" \/><figcaption>Auf der Suche nach dem Gl\u00fcck im Seilpark zum I. &#8230; <\/figcaption><\/figure>\n<\/div>\n\n\n\n<div class=\"wp-block-column is-layout-flow wp-block-column-is-layout-flow\">\n<figure class=\"wp-block-image size-large\"><img decoding=\"async\" width=\"768\" height=\"1024\" src=\"https:\/\/blog.ksk.ch\/wp-content\/uploads\/2022\/09\/IMG_20220927_135610-3-768x1024.jpg\" alt=\"\" class=\"wp-image-1941\" srcset=\"https:\/\/blog.ksk.ch\/wp-content\/uploads\/2022\/09\/IMG_20220927_135610-3-768x1024.jpg 768w, https:\/\/blog.ksk.ch\/wp-content\/uploads\/2022\/09\/IMG_20220927_135610-3-225x300.jpg 225w, https:\/\/blog.ksk.ch\/wp-content\/uploads\/2022\/09\/IMG_20220927_135610-3-1152x1536.jpg 1152w, https:\/\/blog.ksk.ch\/wp-content\/uploads\/2022\/09\/IMG_20220927_135610-3.jpg 1500w\" sizes=\"(max-width: 768px) 100vw, 768px\" \/><figcaption>&#8230; und zum II. (Michael Volkart)<\/figcaption><\/figure>\n<\/div>\n<\/div>\n\n\n\n<div class=\"wp-block-columns is-layout-flex wp-container-core-columns-is-layout-9d6595d7 wp-block-columns-is-layout-flex\">\n<div class=\"wp-block-column is-layout-flow wp-block-column-is-layout-flow\">\n<figure class=\"wp-block-image size-large\"><img decoding=\"async\" width=\"768\" height=\"1024\" src=\"https:\/\/blog.ksk.ch\/wp-content\/uploads\/2022\/10\/Schachroboter-768x1024.jpg\" alt=\"\" class=\"wp-image-1948\" srcset=\"https:\/\/blog.ksk.ch\/wp-content\/uploads\/2022\/10\/Schachroboter-768x1024.jpg 768w, https:\/\/blog.ksk.ch\/wp-content\/uploads\/2022\/10\/Schachroboter-225x300.jpg 225w, https:\/\/blog.ksk.ch\/wp-content\/uploads\/2022\/10\/Schachroboter-1152x1536.jpg 1152w, https:\/\/blog.ksk.ch\/wp-content\/uploads\/2022\/10\/Schachroboter.jpg 1536w\" sizes=\"(max-width: 768px) 100vw, 768px\" \/><figcaption>Zwei Sch\u00fclerinnen arbeiten mit dem Schachroboter. (Mathias Bosshard)<\/figcaption><\/figure>\n<\/div>\n\n\n\n<div class=\"wp-block-column is-layout-flow wp-block-column-is-layout-flow\">\n<h2 class=\"wp-block-heading\">Die Schach spielenden Z\u00fcndholzschachteln<\/h2>\n\n\n\n<p>Eine weitere Gruppe setzte sich mit K\u00fcnstlicher Intelligenz (KI) auseinander. Sie begegnet uns allt\u00e4glich, wom\u00f6glich bereits beim routinem\u00e4ssigen Blick auf die Armbanduhr, sofern es sich bei dieser um eine Smartwatch handelt. Aber auch in zahlreichen weiteren Situationen im Leben jedes Menschen spielt KI eine Rolle, m\u00f6glicherweise ohne dass man sich dessen bewusst ist. Die Sch\u00fclerinnen und Sch\u00fcler setzten sich in dieser Woche mit Chancen und Risiken von K\u00fcnstlicher Intelligenz auseinander und bauten aus Z\u00fcndholzschachteln einen rudiment\u00e4ren Schachroboter, der lernf\u00e4hig ist. Einen Tag ging es zudem ins Museum f\u00fcr Kommunikation nach Bern.<\/p>\n\n\n\n<p>&#171;Jedem Tierchen sein Pl\u00e4sierchen&#187; lautete der \u00dcbergriff einer dritten interdisziplin\u00e4ren Sonderwoche. In dieser Woche lernten die Sch\u00fclerinnen und Sch\u00fcler, was sich hinter dem Begriff &#171;Fabel&#187; genau verbirgt. Ausserdem sinnierten sie dar\u00fcber, welche Bedeutung Fabeln heute noch haben k\u00f6nnten. Daf\u00fcr wurden franz\u00f6sische Fabeln analysiert und mittels Drucktechniken grafisch dargestellt. Um Inspirationen f\u00fcr eigene Fabeln zu sammeln, besuchten die Sch\u00fclerinnen und Sch\u00fcler auch den Thurgauer Fabelweg.<\/p>\n<\/div>\n<\/div>\n\n\n\n<h2 class=\"wp-block-heading\">Songs f\u00fcr eine bessere Welt<\/h2>\n\n\n\n<p>Wer sich daf\u00fcr interessierte, was Menschen auf die Barrikaden bringt und mit welchen Mitteln sie f\u00fcr ihr Anliegen k\u00e4mpfen oder gegen bestimmte Umst\u00e4nde protestieren &#8211; und sich gleichzeitig noch kreativ musisch bet\u00e4tigen wollte, der war in der Woche &#171;Musikalischer Protest around the globe&#187; bestens aufgehoben. Nach Einblicken in historische Protestmomente und der Analyse von Protestsongs konnten die Sch\u00fclerinnen und Sch\u00fcler ihre eigenen Protestsongs komponieren. Unterst\u00fctzt wurden sie dabei vom Singer-Songwriter Emanuel Reiter. <\/p>\n\n\n\n<div class=\"wp-block-columns is-layout-flex wp-container-core-columns-is-layout-9d6595d7 wp-block-columns-is-layout-flex\">\n<div class=\"wp-block-column is-layout-flow wp-block-column-is-layout-flow\">\n<figure class=\"wp-block-image size-large is-resized\"><img decoding=\"async\" src=\"https:\/\/blog.ksk.ch\/wp-content\/uploads\/2022\/09\/WhatsApp-Image-2022-09-29-at-17.45.25-edited.jpeg\" alt=\"\" class=\"wp-image-1944\" width=\"404\" srcset=\"https:\/\/blog.ksk.ch\/wp-content\/uploads\/2022\/09\/WhatsApp-Image-2022-09-29-at-17.45.25-edited.jpeg 1200w, https:\/\/blog.ksk.ch\/wp-content\/uploads\/2022\/09\/WhatsApp-Image-2022-09-29-at-17.45.25-edited-300x225.jpeg 300w, https:\/\/blog.ksk.ch\/wp-content\/uploads\/2022\/09\/WhatsApp-Image-2022-09-29-at-17.45.25-edited-1024x769.jpeg 1024w, https:\/\/blog.ksk.ch\/wp-content\/uploads\/2022\/09\/WhatsApp-Image-2022-09-29-at-17.45.25-edited-768x577.jpeg 768w\" sizes=\"(max-width: 1200px) 100vw, 1200px\" \/><figcaption>Emanuel Reiter bespricht mit den Sch\u00fclerinnen ihre Songidee.<\/figcaption><\/figure>\n<\/div>\n\n\n\n<div class=\"wp-block-column is-layout-flow wp-block-column-is-layout-flow\">\n<figure class=\"wp-block-image size-full is-resized\"><img loading=\"lazy\" decoding=\"async\" src=\"https:\/\/blog.ksk.ch\/wp-content\/uploads\/2022\/09\/WhatsApp-Image-2022-09-29-at-17.45.35.jpeg\" alt=\"\" class=\"wp-image-1943\" width=\"401\" height=\"301\" srcset=\"https:\/\/blog.ksk.ch\/wp-content\/uploads\/2022\/09\/WhatsApp-Image-2022-09-29-at-17.45.35.jpeg 1024w, https:\/\/blog.ksk.ch\/wp-content\/uploads\/2022\/09\/WhatsApp-Image-2022-09-29-at-17.45.35-300x225.jpeg 300w, https:\/\/blog.ksk.ch\/wp-content\/uploads\/2022\/09\/WhatsApp-Image-2022-09-29-at-17.45.35-768x576.jpeg 768w\" sizes=\"(max-width: 401px) 100vw, 401px\" \/><figcaption>Ein Selfie nach getaner Arbeit. (Raoul Bigler)<\/figcaption><\/figure>\n<\/div>\n<\/div>\n\n\n\n<p>Nicht zum ersten Mal unterst\u00fctzte Emanuel Reiter Sch\u00fclerinnen und Sch\u00fcler der KSK beim Schreiben von Protestsongs. Die Komponistinnen zweier besonders guter Lieder aus vergangenen Jahren durften ihre Lieder dieses Jahr bei ihm im Studio aufnehmen. Die Songs von Mattea N\u00e4geli, Jana Schenk und Chelsea Marin (No means No) und von Rebecca Galindo und Felizia N\u00e4geli (Empty Faces) k\u00f6nnen hier angeh\u00f6rt werden.<\/p>\n\n\n\n<figure class=\"wp-block-audio\"><audio controls src=\"https:\/\/blog.ksk.ch\/wp-content\/uploads\/2022\/09\/V04_No-is-No-MST01.mp3\"><\/audio><figcaption>No means No von Mattea N\u00e4geli, Jana Schenk und Chelsea Marin.<\/figcaption><\/figure>\n\n\n\n<figure class=\"wp-block-audio\"><audio controls src=\"https:\/\/blog.ksk.ch\/wp-content\/uploads\/2022\/09\/V04_Empty-Faces-MST01.mp3\"><\/audio><figcaption>Empty Faces von Rebecca Galindo und Felizia N\u00e4geli.<\/figcaption><\/figure>\n","protected":false},"excerpt":{"rendered":"<p>Die 1. Klassen waren im Klassenlager, die 3. und 4. im Auslandaufenthalt in Frankreich und England. Nur die 2. Klassen hielten im Schulhaus die Stellung.&hellip;<\/p>\n<p> <a class=\"more-link\" href=\"https:\/\/blog.ksk.ch\/index.php\/2022\/10\/03\/kein-unterricht-nach-stundenplan\/\">Read more<\/a><\/p>\n","protected":false},"author":11,"featured_media":1944,"comment_status":"open","ping_status":"open","sticky":false,"template":"","format":"standard","meta":{"footnotes":""},"categories":[1],"tags":[],"class_list":{"0":"post-1935","1":"post","2":"type-post","3":"status-publish","4":"format-standard","5":"has-post-thumbnail","7":"category-allgemein"},"publishpress_future_action":{"enabled":false,"date":"2026-05-05 03:47:48","action":"change-status","newStatus":"draft","terms":[],"taxonomy":"category","extraData":[]},"publishpress_future_workflow_manual_trigger":{"enabledWorkflows":[]},"_links":{"self":[{"href":"https:\/\/blog.ksk.ch\/index.php\/wp-json\/wp\/v2\/posts\/1935","targetHints":{"allow":["GET"]}}],"collection":[{"href":"https:\/\/blog.ksk.ch\/index.php\/wp-json\/wp\/v2\/posts"}],"about":[{"href":"https:\/\/blog.ksk.ch\/index.php\/wp-json\/wp\/v2\/types\/post"}],"author":[{"embeddable":true,"href":"https:\/\/blog.ksk.ch\/index.php\/wp-json\/wp\/v2\/users\/11"}],"replies":[{"embeddable":true,"href":"https:\/\/blog.ksk.ch\/index.php\/wp-json\/wp\/v2\/comments?post=1935"}],"version-history":[{"count":8,"href":"https:\/\/blog.ksk.ch\/index.php\/wp-json\/wp\/v2\/posts\/1935\/revisions"}],"predecessor-version":[{"id":2017,"href":"https:\/\/blog.ksk.ch\/index.php\/wp-json\/wp\/v2\/posts\/1935\/revisions\/2017"}],"wp:featuredmedia":[{"embeddable":true,"href":"https:\/\/blog.ksk.ch\/index.php\/wp-json\/wp\/v2\/media\/1944"}],"wp:attachment":[{"href":"https:\/\/blog.ksk.ch\/index.php\/wp-json\/wp\/v2\/media?parent=1935"}],"wp:term":[{"taxonomy":"category","embeddable":true,"href":"https:\/\/blog.ksk.ch\/index.php\/wp-json\/wp\/v2\/categories?post=1935"},{"taxonomy":"post_tag","embeddable":true,"href":"https:\/\/blog.ksk.ch\/index.php\/wp-json\/wp\/v2\/tags?post=1935"}],"curies":[{"name":"wp","href":"https:\/\/api.w.org\/{rel}","templated":true}]}}