{"id":2789,"date":"2023-08-23T19:14:03","date_gmt":"2023-08-23T19:14:03","guid":{"rendered":"https:\/\/blog.ksk.ch\/?p=2789"},"modified":"2023-08-24T07:28:42","modified_gmt":"2023-08-24T07:28:42","slug":"wir-sind-unesco-ein-reisebericht","status":"publish","type":"post","link":"https:\/\/blog.ksk.ch\/index.php\/2023\/08\/23\/wir-sind-unesco-ein-reisebericht\/","title":{"rendered":"Wir sind UNESCO \u2013 ein Reisebericht"},"content":{"rendered":"\n<p>Mit Sicherheit beginnt Weltoffenheit im Geiste. Doch was n\u00fctzt es der Welt, wenn Offenheit im Geiste verharrt? Vermutlich nicht viel. Und so begab sich die Kantonsschule Kreuzlingen vor rund zwei Jahren \u2013 damals noch im Geiste \u2013 auf eine lange Reise hinaus in die Welt: Wir wollten Teil des globalen Netzwerks UNESCO-assoziierter Schulen werden. Hier folgt ein Etappenbericht dieser Reise.<\/p>\n\n\n\n<p><em>Marcello Indino<\/em><\/p>\n\n\n\n<p class=\"has-drop-cap\">Dem 1953 von der UNESCO ins Leben gerufene Netzwerk der UNESCO-assoziierten Schulen geh\u00f6ren heute \u00fcber 11\u2019000 Bildungseinrichtungen aller Stufen in rund 180 L\u00e4ndern an. Ziel des Netzwerks ist es, ein Beitrag zur Friedensf\u00f6rderung, zur Wahrung der Menschenrechte sowie zur Verst\u00e4ndigung der Kulturen zu leisten. Daneben hat sich das Netzwerk der Umsetzung der UNESCO-Agenda 2030 der nachhaltigen Entwicklung verschrieben. Und genau an diesem Punkt setzte unsere Reise an.<\/p>\n\n\n\n<h1 class=\"wp-block-heading\">17 Ziele in 13 Klassen<\/h1>\n\n\n\n<p>Als wir der schweizerischen UNESCO-Kommission des Eidgen\u00f6ssischen Departements f\u00fcr ausw\u00e4rtige Angelegenheiten unser Beitrittsbegehren unterbreitet haben, erhielten wir fast postwendend (ergo nach rund drei Monaten!) R\u00fcckmeldung: Wir sollten uns f\u00fcr zwei der 17 Ziele f\u00fcr nachhaltige Entwicklung der UNESCO-Agenda 2030 entscheiden und darlegen, wie wir uns als Schule daf\u00fcr einsetzen wollen.<\/p>\n\n\n\n<p>Statt diese zwei Ziele im stillen K\u00e4mmerchen zu bestimmen, hat sich unsere Arbeitsgruppe UNESCO, der Johanna Feil und Michael Volkart angeh\u00f6ren, Artikel 21 der Allgemeinen Erkl\u00e4rung der Menschenrechte der Vereinten Nationen von 1948 zu Herzen genommen: \u00abJeder hat das Recht, an der Gestaltung der \u00f6ffentlichen Angelegenheiten seines Landes [oder eben seiner Schule] unmittelbar [..] mitzuwirken.\u00bb Und so initiierten wir innerhalb der Sch\u00fclerschaft der KSK einen partizipativen Prozess, um festzulegen, welche zwei Ziele unseren Sch\u00fclerinnen und Sch\u00fclern besonders wichtig sind.<\/p>\n\n\n\n<figure class=\"wp-block-image size-large is-style-default\"><img fetchpriority=\"high\" decoding=\"async\" width=\"1024\" height=\"768\" src=\"https:\/\/blog.ksk.ch\/wp-content\/uploads\/2023\/08\/2023_Unesco_FeJ_VoM_InM-1024x768.jpg\" alt=\"\" class=\"wp-image-2792\" srcset=\"https:\/\/blog.ksk.ch\/wp-content\/uploads\/2023\/08\/2023_Unesco_FeJ_VoM_InM-1024x768.jpg 1024w, https:\/\/blog.ksk.ch\/wp-content\/uploads\/2023\/08\/2023_Unesco_FeJ_VoM_InM-300x225.jpg 300w, https:\/\/blog.ksk.ch\/wp-content\/uploads\/2023\/08\/2023_Unesco_FeJ_VoM_InM-768x576.jpg 768w, https:\/\/blog.ksk.ch\/wp-content\/uploads\/2023\/08\/2023_Unesco_FeJ_VoM_InM-1536x1152.jpg 1536w, https:\/\/blog.ksk.ch\/wp-content\/uploads\/2023\/08\/2023_Unesco_FeJ_VoM_InM-2048x1536.jpg 2048w\" sizes=\"(max-width: 1024px) 100vw, 1024px\" \/><figcaption class=\"wp-element-caption\">Die Arbeitsgruppe UNESCO besteht aus Johanna Feil, Michael Volkart und Marcello Indino. (Geraldine Lamanna)<\/figcaption><\/figure>\n\n\n\n<p>Im Fr\u00fchling 2022 zog die Arbeitsgruppe UNESCO, verst\u00e4rkt durch Prorektor Daniel Hurtado, w\u00e4hrend mehrerer Wochen durch die ersten bis dritten Klassen der KSK. In einem Workshop stellten wir die 17 Ziele nachhaltiger Entwicklung der UNESCO-Agenda 2030 vor \u2013 um festzustellen, dass viele Klassen diese aus dem Unterricht bereits bestens kannten. Die Sch\u00fclerinnen und Sch\u00fcler w\u00e4hlten dann in Gruppen daraus Ziele aus, die ihnen besonders wichtig erschienen und zu denen die KSK einen realen Beitrag leisten k\u00f6nnte. Nachdem die Gruppen ihre Resultate vorgestellt hatten, stimmten wir dar\u00fcber ab, welche zwei Ziele sich die Klasse verschreiben w\u00fcrde und sammelten weitere Ideen, wie diese innerhalb unserer Schule gef\u00f6rdert werden k\u00f6nnten.<\/p>\n\n\n\n<p>Das Bild, das sich am Schluss aus den R\u00fcckmeldungen der Klassen ergab, war eindeutig: Einerseits wurde keines der 17 Ziele f\u00fcr nachhaltige Entwicklung als unwichtig erkl\u00e4rt, aber andererseits sah man in zwei Ziele besonderes Wirkungspotenzial im Rahmen der M\u00f6glichkeiten der KSK: <a href=\"https:\/\/blog.ksk.ch\/index.php\/2022\/05\/05\/mindchange-fuer-den-frieden\/\">Nachhaltige Energienutzung sowie nachhaltige Konsumketten<\/a>.<\/p>\n\n\n\n<p>Bez\u00fcglich nachhaltiger Energienutzung sei anzustreben, dass sich die Kantonsschule Kreuzlingen verst\u00e4rkt in Richtung einer <em>smart school<\/em> bewege, was durch Informationskampagnen begleitet werden soll. Daneben soll das bestehende Abfalltrennungskonzept weiter ausgebaut werden und, wo tats\u00e4chlich sinnvoll, verst\u00e4rkt auf digitales Arbeiten gesetzt werden.<\/p>\n\n\n\n<p>Unsere Mensa stand wiederum hinsichtlich nachhaltiger Produktion und nachhaltigem Konsum im Zentrum: Der Einkauf der Lebensmittel sei m\u00f6glichst regional auszurichten und <em>food waste<\/em> sei unbedingt zu vermeiden. Daneben soll Wiederverwertung \u2013 von Abfall wie auch von noch n\u00fctzlichen Produkten \u2013 st\u00e4rker thematisiert werden.<\/p>\n\n\n\n<h1 class=\"wp-block-heading\">25 Seiten sp\u00e4ter<\/h1>\n\n\n\n<p>Alle Inputs aus den Workshops wurden von der Arbeitsgruppe UNESCO gesammelt und strukturiert, so dass der schriftliche Bewerbungsprozess beginnen konnte. Neben Formularen mit Fragen rund um die Strukturen und die Organisation der KSK stellten wir ein \u00dcberblicksdokument unserer bisherigen Aktivit\u00e4ten in Zusammenhang mit den Zielen der UNESCO zusammen. Diese \u00dcbersicht deckte sowohl Aktivit\u00e4ten innerhalb wie auch ausserhalb des Unterrichts ab, die von unseren Lehrpersonen vorangetrieben werden. Die F\u00fclle an R\u00fcckmeldungen war beeindruckend! Am Schluss entstand ein Bewerbungsdossier, das rund 25 Seiten umfasste und sich in den Kategorien Menschenrechte, Chancengleichheit und Partizipation, Gewaltfreiheit und Friedensf\u00f6rderung, interkultureller Austausch und internationale Zusammenarbeit sowie Pressefreiheit gegliedert war.<\/p>\n\n\n\n<p>Das formale Beitrittsgesuch und die dazugeh\u00f6rige Dokumentation ging noch im Fr\u00fchling 2022 an die schweizerische UNESCO-Kommission des Eidgen\u00f6ssischen Departement f\u00fcr ausw\u00e4rtige Angelegenheiten, die es nach interner Pr\u00fcfung validierte \u2013 und im Sommer 2022 an den UNESCO-Hauptsitz nach Paris weiterleitete. Und dann begann das grosse Warten, mit einer inspirierenden Zwischenetappe.<\/p>\n\n\n\n<h2 class=\"wp-block-heading\">Zwischenetappe Neuch\u00e2tel<\/h2>\n\n\n\n<p>Im Mai 2023 durfte ich als Vertreter eines Beitrittskandidaten der j\u00e4hrlichen Tagung der Schweizer UNESCO-assoziierten Schulen beiwohnen. Die Tagung fand in Neuenburg und im nahegelegenen arch\u00e4ologischen Park <em><a href=\"https:\/\/latenium.ch\/de\/\">Lat\u00e9nium<\/a><\/em> statt. W\u00e4hrend zwei Tage stellten verschiedenen Schulen ihre Projekte vor; darunter das Gymnasium Burggraben in St. Gallen, das Literargymnasium R\u00e4mib\u00fchl in Z\u00fcrich oder das Gymnasium Kirchenfeld in Bern.<\/p>\n\n\n\n<p>Ebenso erhielten die Stiftung <a href=\"https:\/\/www.eduki.ch\/\"><em>eduki<\/em><\/a>, die sich seit der Gr\u00fcndung 2011 die Sensibilisierung der Jugendlichen f\u00fcr die Arbeit der internationalen Organisationen und f\u00fcr die internationale Zusammenarbeit zum Ziel gesetzt hat, sowie<a href=\"https:\/\/www.movetia.ch\/\"> <em>movetia<\/em><\/a>, die Austausch und Mobilit\u00e4t in der Bildung f\u00f6rdert, eine Plattform, um auf ihre Arbeit aufmerksam zu machen. Mit diesen zwei Organisationen hat die KSK in den letzten Jahren bereits einiges im Bereich der \u00f6kologischen und sozialen Nachhaltigkeit realisieren k\u00f6nnen: Im Rahmen des eduki-Wettbewerbs entstand bei uns testweise ein <a href=\"https:\/\/blog.ksk.ch\/index.php\/2022\/06\/29\/swap-dich-gluecklich\/\"><em>Swap Shop<\/em> sowie ein nachhaltiges Kaffeeangebot<\/a>. Und dank <em>movetia<\/em> kann etwa unser j\u00e4hrlicher <a href=\"https:\/\/blog.ksk.ch\/index.php\/2023\/07\/11\/am-ende-des-tages-sind-wir-alle-gleich-wir-sind-alle-menschen\/\">Austausch mit dem Partnergymnasium im s\u00fcditalienischen Cisternino<\/a> stattfinden.<\/p>\n\n\n\n<p>Vieles an jenen zwei Tagen war inspirierend und lieferte neue Ideen. Aber ebenso vieles best\u00e4tigte, dass unsere Kandidatur mehr als berechtigt war: Die Kantonsschule Kreuzlingen treibt bereits jetzt einige Projekte voran, die jenen der schon assoziierten Schulen in nichts nachstehen. Gerade unsere Arbeitsgruppe Klima hat in den letzten Jahren viele Projekte umgesetzt, die sich mit den Zielen nachhaltiger Entwicklung \u2013 gerade im Bereich der Energienutzung und der Konsumketten \u2013 decken. Ein \u00dcberblick hierzu findet sich ab Ende August auf folgender Webseite: nachhaltige.ksk.ch.<\/p>\n\n\n\n<h1 class=\"wp-block-heading\">Zieleinfahrt im Sommer 2023<\/h1>\n\n\n\n<p>Dass wir an sich schon seit langem auf UNESCO-Kurs sind, wurde in den Sommerferien formal auch durch die Schweizerische UNESCO-Kommission des Eidgen\u00f6ssischen Departement f\u00fcr ausw\u00e4rtige Angelegenheiten best\u00e4tigt, die uns eine Meldung aus Paris weiterleitete: Die UNESCO-Generaldirektorin Audrey Azoulay habe unser Beitrittsgesuch gutgeheissen \u2013 die Kantonsschule Kreuzlingen ist ab sofort Teil des weltweiten Netzwerkes UNESCO-assoziierter Schulen!<\/p>\n\n\n\n<p>Nun soll die Arbeitsgruppe UNESCO durch Sch\u00fclerinnen und Sch\u00fcler erg\u00e4nzt werden, denn es erwarten uns zwar viele M\u00f6glichkeiten, aber wohl auch einiges an Arbeit. In Zuge der nun beginnenden \u00dcberarbeitung unseres p\u00e4dagogischen Leitbildes sollen die Werte der UNESCO explizit verankert werden. Nach dieser eher dokumentarischen Aufgabe, k\u00f6nnen schulische wie auch ausserschulische Projekte organisiert und durchgef\u00fchrt werden, die einen Beitrag zur nachhaltigen Entwicklung gem\u00e4ss UNESCO-Agenda 2030 leisten. Bei uns stehen, wie beschrieben, nachhaltige Energienutzung und nachhaltige Konsumketten im Vordergrund.<\/p>\n\n\n\n<h1 class=\"wp-block-heading\">&#8230; und Weiterreise<\/h1>\n\n\n\n<p>F\u00fcr unsere Sch\u00fclerinnen und Sch\u00fcler zus\u00e4tzlich und vielleicht besonders spannend ist die M\u00f6glichkeit, k\u00fcnftig an nationalen und internationalen Kongressen teilzunehmen, die von der UNESCO unterst\u00fctzt werden, um deren Werte zu f\u00f6rdern und zu bewahren. Und es steht uns offen, ob wir Patenschaften f\u00fcr und Partnerschaften mit anderen assoziierten Schulen weltweit eingehen wollen, um mit ihnen eine Kooperation einzugehen. Eine solche Partnerschaft hat etwa die Kantonsschule Solothurn mit dem <em>Coll\u00e8ge Ousmane Ngom<\/em> in Senegalesischen Thi\u00e8s 2007 initiiert und den Verein <a href=\"https:\/\/unosconotros.ch\/\"><em>unos con otros<\/em><\/a> ins Leben gerufen, der Standaktionen, Filmabende Benefizkonzerte und weiter kulturelle Anl\u00e4sse organisiert. Dazu geh\u00f6ren regelm\u00e4ssige Reisen nach Senegal der Vereinsmitglieder. Reisewege, die nun auch der Kantonsschule Kreuzlingen offenstehen.<\/p>\n","protected":false},"excerpt":{"rendered":"<p>Mit Sicherheit beginnt Weltoffenheit im Geiste. Doch was n\u00fctzt es der Welt, wenn Offenheit im Geiste verharrt? Vermutlich nicht viel. Und so begab sich die&hellip;<\/p>\n<p> <a class=\"more-link\" href=\"https:\/\/blog.ksk.ch\/index.php\/2023\/08\/23\/wir-sind-unesco-ein-reisebericht\/\">Read more<\/a><\/p>\n","protected":false},"author":39,"featured_media":2792,"comment_status":"open","ping_status":"open","sticky":false,"template":"","format":"standard","meta":{"footnotes":""},"categories":[1],"tags":[],"class_list":{"0":"post-2789","1":"post","2":"type-post","3":"status-publish","4":"format-standard","5":"has-post-thumbnail","7":"category-allgemein"},"publishpress_future_action":{"enabled":false,"date":"2026-05-05 21:26:54","action":"change-status","newStatus":"draft","terms":[],"taxonomy":"category","extraData":[]},"publishpress_future_workflow_manual_trigger":{"enabledWorkflows":[]},"_links":{"self":[{"href":"https:\/\/blog.ksk.ch\/index.php\/wp-json\/wp\/v2\/posts\/2789","targetHints":{"allow":["GET"]}}],"collection":[{"href":"https:\/\/blog.ksk.ch\/index.php\/wp-json\/wp\/v2\/posts"}],"about":[{"href":"https:\/\/blog.ksk.ch\/index.php\/wp-json\/wp\/v2\/types\/post"}],"author":[{"embeddable":true,"href":"https:\/\/blog.ksk.ch\/index.php\/wp-json\/wp\/v2\/users\/39"}],"replies":[{"embeddable":true,"href":"https:\/\/blog.ksk.ch\/index.php\/wp-json\/wp\/v2\/comments?post=2789"}],"version-history":[{"count":7,"href":"https:\/\/blog.ksk.ch\/index.php\/wp-json\/wp\/v2\/posts\/2789\/revisions"}],"predecessor-version":[{"id":2801,"href":"https:\/\/blog.ksk.ch\/index.php\/wp-json\/wp\/v2\/posts\/2789\/revisions\/2801"}],"wp:featuredmedia":[{"embeddable":true,"href":"https:\/\/blog.ksk.ch\/index.php\/wp-json\/wp\/v2\/media\/2792"}],"wp:attachment":[{"href":"https:\/\/blog.ksk.ch\/index.php\/wp-json\/wp\/v2\/media?parent=2789"}],"wp:term":[{"taxonomy":"category","embeddable":true,"href":"https:\/\/blog.ksk.ch\/index.php\/wp-json\/wp\/v2\/categories?post=2789"},{"taxonomy":"post_tag","embeddable":true,"href":"https:\/\/blog.ksk.ch\/index.php\/wp-json\/wp\/v2\/tags?post=2789"}],"curies":[{"name":"wp","href":"https:\/\/api.w.org\/{rel}","templated":true}]}}