{"id":2828,"date":"2023-08-31T10:22:43","date_gmt":"2023-08-31T10:22:43","guid":{"rendered":"https:\/\/blog.ksk.ch\/?p=2828"},"modified":"2023-09-07T05:53:16","modified_gmt":"2023-09-07T05:53:16","slug":"retraite-im-zeichen-der-teambildung","status":"publish","type":"post","link":"https:\/\/blog.ksk.ch\/index.php\/2023\/08\/31\/retraite-im-zeichen-der-teambildung\/","title":{"rendered":"Retraite im Zeichen der Teambildung"},"content":{"rendered":"\n<p>Am vergangenen Freitag und Samstag zog sich das gesamte Personal der KSK ins Hotel Walhalla in St. Gallen zur\u00fcck. Ziel der zweit\u00e4gigen Retraite war es, die Interdisziplinarit\u00e4t zu f\u00f6rdern und das in den vergangenen Jahren stark ver\u00e4nderte Kollegium zusammenzuschweissen.<\/p>\n\n\n<div class=\"wp-block-image\">\n<figure class=\"aligncenter size-large\"><img fetchpriority=\"high\" decoding=\"async\" width=\"1024\" height=\"682\" src=\"https:\/\/blog.ksk.ch\/wp-content\/uploads\/2023\/08\/Schilf-Gruppe-LaG-2023-1024x682.jpg\" alt=\"\" class=\"wp-image-2853\" srcset=\"https:\/\/blog.ksk.ch\/wp-content\/uploads\/2023\/08\/Schilf-Gruppe-LaG-2023-1024x682.jpg 1024w, https:\/\/blog.ksk.ch\/wp-content\/uploads\/2023\/08\/Schilf-Gruppe-LaG-2023-300x200.jpg 300w, https:\/\/blog.ksk.ch\/wp-content\/uploads\/2023\/08\/Schilf-Gruppe-LaG-2023-768x512.jpg 768w, https:\/\/blog.ksk.ch\/wp-content\/uploads\/2023\/08\/Schilf-Gruppe-LaG-2023.jpg 1456w\" sizes=\"(max-width: 1024px) 100vw, 1024px\" \/><figcaption class=\"wp-element-caption\">Das Hotel Walhalla bot viel Raum f\u00fcr kreative Arbeit. (Geraldine Lamanna)<\/figcaption><\/figure>\n<\/div>\n\n\n<p><em>Corina Tobler <\/em><\/p>\n\n\n\n<p>Es gibt sie nicht oft, diese Retraiten. Wenn die gesamte Belegschaft einer Schule sich dann doch, im Abstand einiger Jahre, geschlossen aus dem Schulumfeld zur\u00fcckzieht, steht immer ein Thema auf dem Programm, das Zeit und Raum ben\u00f6tigt, um sinnvoll bearbeitet zu werden. Das ist an der diesj\u00e4hrigen Retraite in St. Gallen nicht anders \u2013 nur wusste vor Beginn des Anlasses abgesehen von der organisierenden Qualit\u00e4tssicherungsgruppe (Q-Gruppe) und der Schulleitung niemand, was genau das Thema sein w\u00fcrde. <\/p>\n\n\n<div class=\"wp-block-image\">\n<figure class=\"aligncenter size-large\"><img decoding=\"async\" width=\"1024\" height=\"768\" src=\"https:\/\/blog.ksk.ch\/wp-content\/uploads\/2023\/08\/Schilf-Q-LaG-2023-1024x768.jpg\" alt=\"\" class=\"wp-image-2852\" srcset=\"https:\/\/blog.ksk.ch\/wp-content\/uploads\/2023\/08\/Schilf-Q-LaG-2023-1024x768.jpg 1024w, https:\/\/blog.ksk.ch\/wp-content\/uploads\/2023\/08\/Schilf-Q-LaG-2023-300x225.jpg 300w, https:\/\/blog.ksk.ch\/wp-content\/uploads\/2023\/08\/Schilf-Q-LaG-2023-768x576.jpg 768w, https:\/\/blog.ksk.ch\/wp-content\/uploads\/2023\/08\/Schilf-Q-LaG-2023.jpg 1294w\" sizes=\"(max-width: 1024px) 100vw, 1024px\" \/><figcaption class=\"wp-element-caption\">Die Q-Gruppe: Beat Trachsler, Monica Marotta, Geraldine Lamanna, Sandra Belau (v.l.). (Julia Heier)<\/figcaption><\/figure>\n<\/div>\n\n\n<h2 class=\"wp-block-heading\">Produkt bleibt noch geheim<\/h2>\n\n\n\n<p>Tats\u00e4chlich, so Rektor Marcello Indino zur Er\u00f6ffnung der Retraite, habe die Q-Gruppe einen ungew\u00f6hnlichen Ansatz gew\u00e4hlt. Unter dem Titel \u00abInspiration durch Interdisziplinarit\u00e4t\u00bb stellte sie n\u00e4mlich ein Programm zusammen, das nicht nur viele Freiheiten liess, sondern auch g\u00e4nzlich auf Inputs von externen Experten verzichtete. Stattdessen stand w\u00e4hrend des Aufenthalts im Hotel Walhalla das gemeinsame Arbeiten im Kollegium, und zwar in m\u00f6glichst bunt gemischten Gruppen, im Fokus. Das Produkt, f\u00fcr das Inhalte erstellt werden, soll vorerst geheim bleiben, die Q-Gruppe hofft aber, dass es der gesamten Schulgemeinschaft Freude bereiten wird. <\/p>\n\n\n<div class=\"wp-block-image\">\n<figure class=\"aligncenter size-large\"><img decoding=\"async\" width=\"1024\" height=\"683\" src=\"https:\/\/blog.ksk.ch\/wp-content\/uploads\/2023\/08\/Schilf-SL-LaG-2023-1024x683.jpg\" alt=\"\" class=\"wp-image-2851\" srcset=\"https:\/\/blog.ksk.ch\/wp-content\/uploads\/2023\/08\/Schilf-SL-LaG-2023-1024x683.jpg 1024w, https:\/\/blog.ksk.ch\/wp-content\/uploads\/2023\/08\/Schilf-SL-LaG-2023-300x200.jpg 300w, https:\/\/blog.ksk.ch\/wp-content\/uploads\/2023\/08\/Schilf-SL-LaG-2023-768x512.jpg 768w, https:\/\/blog.ksk.ch\/wp-content\/uploads\/2023\/08\/Schilf-SL-LaG-2023.jpg 1456w\" sizes=\"(max-width: 1024px) 100vw, 1024px\" \/><figcaption class=\"wp-element-caption\">Gute Stimmung in der Schulleitung beim Pl\u00e4neschmieden. (Geraldine Lamanna) <\/figcaption><\/figure>\n<\/div>\n\n\n<p>Die Q-Gruppe zieht ein positives Fazit zur Retraite. \u00abEs wurde mit viel Motivation und in guter Stimmung gearbeitet, und zwar in Konstellationen, die es erlaubten, andere oder auch sich selbst von ganz neuen Seiten kennenzulernen\u00bb, sagt Geraldine Lamanna. Beat Trachsler verweist als eins von vielen Beispielen auf die unverhoffte Zusammenarbeit zweier Lehrpersonen aus den F\u00e4chern Wirtschaft\/Recht und Biologie\/Chemie, die gemeinsame Interessen entdeckt h\u00e4tten. <\/p>\n\n\n\n<h2 class=\"wp-block-heading\">Basis f\u00fcr Kooperation schaffen<\/h2>\n\n\n\n<p>Die Idee f\u00fcr diese Retraite hatte die Q-Gruppe um Lamanna, Trachsler sowie Sandra Belau und Monica Marotta bereits im Herbst 2021. \u00abEinerseits gab es in den vergangenen Jahren viele personelle Ver\u00e4nderungen, so dass es wichtig ist, dass wir einander besser kennenlernen. Andererseits wollten wir die Distanz zwischeneinander, die durch die Pandemie entstand, wieder verringern\u00bb, erkl\u00e4rt Geraldine Lamanna. \u00abWir wollen mit der Retraite eine gute Basis f\u00fcr k\u00fcnftige Zusammenarbeit bei interdisziplin\u00e4ren Projekten, etwa Sonderwochen oder Tandems legen. Daher w\u00e4hlten wir bewusst einen Termin Anfang Schuljahr und interdisziplin\u00e4re Auftr\u00e4ge f\u00fcr die Gruppen aus, denn um so zusammenarbeiten zu k\u00f6nnen, muss man wissen, wer was kann und wer allenfalls versteckte Talente hat\u00bb, ist sich die Gruppe einig. <\/p>\n\n\n\n<figure class=\"wp-block-image size-large is-style-default\"><img loading=\"lazy\" decoding=\"async\" width=\"1024\" height=\"768\" src=\"https:\/\/blog.ksk.ch\/wp-content\/uploads\/2023\/09\/IMG_2205-1024x768.jpg\" alt=\"\" class=\"wp-image-2857\" srcset=\"https:\/\/blog.ksk.ch\/wp-content\/uploads\/2023\/09\/IMG_2205-1024x768.jpg 1024w, https:\/\/blog.ksk.ch\/wp-content\/uploads\/2023\/09\/IMG_2205-300x225.jpg 300w, https:\/\/blog.ksk.ch\/wp-content\/uploads\/2023\/09\/IMG_2205-768x576.jpg 768w, https:\/\/blog.ksk.ch\/wp-content\/uploads\/2023\/09\/IMG_2205-1536x1152.jpg 1536w, https:\/\/blog.ksk.ch\/wp-content\/uploads\/2023\/09\/IMG_2205-2048x1536.jpg 2048w\" sizes=\"(max-width: 1024px) 100vw, 1024px\" \/><figcaption class=\"wp-element-caption\">Die Gruppen waren bunt gemischt. (Geraldine Lamanna)<\/figcaption><\/figure>\n\n\n\n<p>Alle vier sind sehr froh, nicht nur dar\u00fcber, dass die Schulleitung ihre unkonventionelle Idee f\u00fcr eine Retraite ohne Bekanntgabe des Themas im Vorfeld und ohne Experten von aussen unterst\u00fctzte, sondern auch, dass sich das Kollegium so offen darauf einliess. \u00abWir wollten f\u00fcr alle die gleichen Voraussetzungen, damit nicht die sonst bekannten Dynamiken entstehen konnten, dass zum Beispiel die Fr\u00fchplaner die Projekte vorgeben k\u00f6nnen. Alle sollten ohne Erwartungen und mit Spontaneit\u00e4t in die Aufgabe reingehen, damit ein gemeinsamer Prozess entstehen konnte\u00bb, res\u00fcmiert Sandra Belau. <\/p>\n\n\n\n<h2 class=\"wp-block-heading\">Ungewohnte Aufgaben gemeistert<\/h2>\n\n\n\n<p>F\u00fcr dieses freie Denken und das Rahmenprogramm, das ebenfalls im Zeichen der Teambildung stand, sei der Schritt weg von der Schule zwingend gewesen, erg\u00e4nzt Monica Marotta. \u00abEs entstehen so ganz andere Gespr\u00e4che als an der Schule.\u00bb Das bewies etwa der Freitagabend, als das Kollegium w\u00e4hrend eines Koch- und Cocktailkurses im Restaurant \u00abWerkstatt\u00bb am St. Galler Markplatz unter sehr ungewohnten Bedingungen zusammenarbeitete und sich austauschen konnte. Die Foxtrails und die Outdoor-Escape-Spiele, die am Samstag den Nachmittag abschlossen, stellten nicht nur inhaltlich, sondern auch aufgrund des str\u00f6menden Regens eine Herausforderung dar, die den Teams einiges abverlangte.<\/p>\n\n\n\n<p>Die Q-Gruppe zeigt sich trotz der Witterung mit der Retraite sehr zufrieden und von ihrer Wichtigkeit \u00fcberzeugt. \u00abWer sich mag und kennt, arbeitet besser zusammen. Es ging auch immer wieder um die Identifikation mit der KSK. Wir haben zudem implizit alle voneinander gelernt, ob methodisch, technisch oder in Bezug auf Blickwinkel, unter denen wir Probleme angehen\u00bb, fasst Geraldine Lamanna zusammen. <\/p>\n","protected":false},"excerpt":{"rendered":"<p>Am vergangenen Freitag und Samstag zog sich das gesamte Personal der KSK ins Hotel Walhalla in St. Gallen zur\u00fcck. Ziel der zweit\u00e4gigen Retraite war es,&hellip;<\/p>\n<p> <a class=\"more-link\" href=\"https:\/\/blog.ksk.ch\/index.php\/2023\/08\/31\/retraite-im-zeichen-der-teambildung\/\">Read more<\/a><\/p>\n","protected":false},"author":9,"featured_media":2853,"comment_status":"open","ping_status":"open","sticky":false,"template":"","format":"standard","meta":{"footnotes":""},"categories":[1],"tags":[],"class_list":{"0":"post-2828","1":"post","2":"type-post","3":"status-publish","4":"format-standard","5":"has-post-thumbnail","7":"category-allgemein"},"publishpress_future_action":{"enabled":false,"date":"2026-05-08 03:01:01","action":"change-status","newStatus":"draft","terms":[],"taxonomy":"category","extraData":[]},"publishpress_future_workflow_manual_trigger":{"enabledWorkflows":[]},"_links":{"self":[{"href":"https:\/\/blog.ksk.ch\/index.php\/wp-json\/wp\/v2\/posts\/2828","targetHints":{"allow":["GET"]}}],"collection":[{"href":"https:\/\/blog.ksk.ch\/index.php\/wp-json\/wp\/v2\/posts"}],"about":[{"href":"https:\/\/blog.ksk.ch\/index.php\/wp-json\/wp\/v2\/types\/post"}],"author":[{"embeddable":true,"href":"https:\/\/blog.ksk.ch\/index.php\/wp-json\/wp\/v2\/users\/9"}],"replies":[{"embeddable":true,"href":"https:\/\/blog.ksk.ch\/index.php\/wp-json\/wp\/v2\/comments?post=2828"}],"version-history":[{"count":7,"href":"https:\/\/blog.ksk.ch\/index.php\/wp-json\/wp\/v2\/posts\/2828\/revisions"}],"predecessor-version":[{"id":2888,"href":"https:\/\/blog.ksk.ch\/index.php\/wp-json\/wp\/v2\/posts\/2828\/revisions\/2888"}],"wp:featuredmedia":[{"embeddable":true,"href":"https:\/\/blog.ksk.ch\/index.php\/wp-json\/wp\/v2\/media\/2853"}],"wp:attachment":[{"href":"https:\/\/blog.ksk.ch\/index.php\/wp-json\/wp\/v2\/media?parent=2828"}],"wp:term":[{"taxonomy":"category","embeddable":true,"href":"https:\/\/blog.ksk.ch\/index.php\/wp-json\/wp\/v2\/categories?post=2828"},{"taxonomy":"post_tag","embeddable":true,"href":"https:\/\/blog.ksk.ch\/index.php\/wp-json\/wp\/v2\/tags?post=2828"}],"curies":[{"name":"wp","href":"https:\/\/api.w.org\/{rel}","templated":true}]}}