{"id":2861,"date":"2023-09-07T06:04:00","date_gmt":"2023-09-07T06:04:00","guid":{"rendered":"https:\/\/blog.ksk.ch\/?p=2861"},"modified":"2023-09-07T10:07:15","modified_gmt":"2023-09-07T10:07:15","slug":"roman-manufaktur","status":"publish","type":"post","link":"https:\/\/blog.ksk.ch\/index.php\/2023\/09\/07\/roman-manufaktur\/","title":{"rendered":"Literatur mal ganz anders"},"content":{"rendered":"\n<p>Die Schweizer Autorin Mich\u00e8le Minelli kommt mit der Rohfassung ihres Romans \u2013 es ist ein Jugendroman \u2013 an die KSK und besucht die 25Ma und die 26Ma. Im Austausch \u00fcber Charaktere, Konstellationen und Sprache bringen die Sch\u00fclerinnen und Sch\u00fcler der Kanti Kreuzlingen ihre Ideen ein und stellen ihre ganz eigene Leseart der Figuren vor. Wo funktioniert eine Figur, wo nicht und warum ist das so? An welchen Stellen gibt es ungekl\u00e4rte Fragen und wie k\u00f6nnten sie gel\u00f6st werden? Ein literarischer Austausch, wie ihn Sch\u00fclerinnen und Sch\u00fcler nicht allt\u00e4glich erleben.<\/p>\n\n\n\n<p><em>Carina Lukosch<\/em><\/p>\n\n\n<div class=\"wp-block-image\">\n<figure class=\"aligncenter size-large\"><img fetchpriority=\"high\" decoding=\"async\" width=\"1024\" height=\"768\" src=\"https:\/\/blog.ksk.ch\/wp-content\/uploads\/2023\/09\/Michele-Minelli-erklaert-ihren-neunen-Jogendroman-1024x768.jpg\" alt=\"\" class=\"wp-image-2863\" srcset=\"https:\/\/blog.ksk.ch\/wp-content\/uploads\/2023\/09\/Michele-Minelli-erklaert-ihren-neunen-Jogendroman-1024x768.jpg 1024w, https:\/\/blog.ksk.ch\/wp-content\/uploads\/2023\/09\/Michele-Minelli-erklaert-ihren-neunen-Jogendroman-300x225.jpg 300w, https:\/\/blog.ksk.ch\/wp-content\/uploads\/2023\/09\/Michele-Minelli-erklaert-ihren-neunen-Jogendroman-768x576.jpg 768w, https:\/\/blog.ksk.ch\/wp-content\/uploads\/2023\/09\/Michele-Minelli-erklaert-ihren-neunen-Jogendroman-1536x1152.jpg 1536w, https:\/\/blog.ksk.ch\/wp-content\/uploads\/2023\/09\/Michele-Minelli-erklaert-ihren-neunen-Jogendroman-2048x1536.jpg 2048w\" sizes=\"(max-width: 1024px) 100vw, 1024px\" \/><figcaption class=\"wp-element-caption\">Mich\u00e8le Minelli stellt ihren neuen Jugendroman in der 26Ma vor (Carina Lukosch)<\/figcaption><\/figure>\n<\/div>\n\n\n<p>In der Klasse herrscht eine kaum greifbare Atmosph\u00e4re, Unsicherheit gepaart mit Stolz, Neugierde gepaart mit Aufregung. Immerhin steht vor den Zweitkl\u00e4sslerinnen und Zweitkl\u00e4sslern eine echte Autorin und vor ihr sollen sie ihre eigenen Texte vortragen, sollen erkl\u00e4ren, was sie an der von ihnen behandelten Figur noch nicht ganz rund finden. Das braucht Mut, ja; \u00abes ist aber auch cool\u00bb, meint Krystof bei all der Aufregung, \u00aban so einem Roman mitzuarbeiten\u00bb, denn so haben Sch\u00fclerinnen und Sch\u00fcler Literatur wohl noch nicht erlebt. Kein einheitliches Schwarz, sondern Einsch\u00fcbe in Pink. Kein durchg\u00e4ngiger Fliesstext, sondern Hinweise hier und da.&nbsp;\u00abEine Rohfassung ist der erste Entwurf eines Textes. Er ist weder korrigiert noch besonders sch\u00f6n formuliert; er ist \u2018roh\u2019. Er hat Stellen, die noch zu lang sind und die sicher gek\u00fcrzt und andere Stellen, die noch genauer beschrieben werden m\u00fcssen\u00bb, erkl\u00e4rt Minelli. Ein Roman ist Handwerk.  \u00abZwei der Figuren begleiten mich seit zehn Jahren\u00bb, beschreibt sie, als sie auf den intensiven Entwicklungsprozess ihres neuen Romans eingeht und&nbsp;meint, \u00abein Besuch bei euch in der Klasse ist wie Urlaub\u00bb. Ende Oktober reicht sie ein, langweilig wird es ihr bis dahin sicher nicht.<\/p>\n\n\n\n<h2 class=\"wp-block-heading\">Auch Kritik nimmt die Autorin an <\/h2>\n\n\n\n<p>Die Klasse und Mich\u00e8le Minelli sind alte Bekannte, sie kennen sich aus einer szenischen Lesung im vergangenen Semester, in deren Anschluss die Klasse sich weitere literarische Projekte im Klassenzimmer gew\u00fcnscht hat. Konnten sie sich bei der Lesung gr\u00f6sstenteils berieseln lassen, sind die Jugendlichen dieses Mal inhaltlich auch selbst gefordert. Der neue Jugendroman von Mich\u00e8le Minelli, dessenTitel noch nicht endg\u00fcltig feststeht, ist als Rondo mit vierzehn Charakteren angelegt. Jede Figur bekommt ein Kapitel. In Kleingruppen hat die Klasse vier Figuren n\u00e4her angeschaut, vorgestellt und Unklarheiten aufgedeckt.&nbsp;<\/p>\n\n\n\n<p>Minelli ist an eine kritische Gruppe geraten und nimmt Efes Einsch\u00e4tzung, \u00abdie Figur ist faul, funktioniert so nicht\u00bb ebenso gerne an wie die gewagte These, \u00abich sehe das als Ausrede, damit Sie sein Ende nicht schreiben m\u00fcssen\u00bb. Doch mit blosser Kritik ist es nicht getan, Minelli l\u00e4sst nicht locker: \u00abWas w\u00fcrdet ihr der Figur raten?\u00bb Die Klasse ist gefragt, sammelt Ideen, kommt auf keinen gemeinsamen Nenner. So ein Roman hat es in sich. \u00abEishockeytrainer, Mann, er wird Eishockeytrainer\u00bb, sind sich Maurus und Damian sicher, als sie auf dem Weg in die n\u00e4chste Unterrichtsstunde noch immer \u00fcberlegen.<\/p>\n\n\n<div class=\"wp-block-image\">\n<figure class=\"aligncenter size-large\"><img decoding=\"async\" width=\"768\" height=\"1024\" src=\"https:\/\/blog.ksk.ch\/wp-content\/uploads\/2023\/09\/IMG-1086-768x1024.jpg\" alt=\"\" class=\"wp-image-2865\" srcset=\"https:\/\/blog.ksk.ch\/wp-content\/uploads\/2023\/09\/IMG-1086-768x1024.jpg 768w, https:\/\/blog.ksk.ch\/wp-content\/uploads\/2023\/09\/IMG-1086-225x300.jpg 225w, https:\/\/blog.ksk.ch\/wp-content\/uploads\/2023\/09\/IMG-1086-1152x1536.jpg 1152w, https:\/\/blog.ksk.ch\/wp-content\/uploads\/2023\/09\/IMG-1086-1536x2048.jpg 1536w, https:\/\/blog.ksk.ch\/wp-content\/uploads\/2023\/09\/IMG-1086-scaled.jpg 1920w\" sizes=\"(max-width: 768px) 100vw, 768px\" \/><figcaption class=\"wp-element-caption\">Vorstellung der Roman-Figuren aus Sicht der Sch\u00fclerinnen und Sch\u00fcler. (Carina Lukosch)<\/figcaption><\/figure>\n<\/div>\n\n\n<h2 class=\"wp-block-heading\">Begeistert von der Arbeit der Klassen<\/h2>\n\n\n\n<p>Minelli schreibt mit, fragt grinsend nach der Kontonummer einiger Sch\u00fclerinnen und Sch\u00fcler, von denen sie Ideen oder Formulierungen stibitzen m\u00f6chte. \u00abMorgen und \u00fcbermorgen arbeite ich eure Anmerkungen ein\u00bb freut sie sich. Die Autorin ist von der literarischen Arbeit der Klasse angetan und von den Plakaten, die die Gruppen zur Vorstellung ihrer jeweiligen Figur gezeichnet haben, begeistert. Sofort habe sie Blerta Cara erkannt; dieses Gesicht, genauso sehe sie f\u00fcr Minelli aus. Die Plakate werden also wohl nach einer gewissen Ausstellungszeit im Klassenzimmer ihren Aufh\u00e4ngeort wechseln.<\/p>\n\n\n\n<p>Von der anf\u00e4nglichen Atmosph\u00e4re angespannter Stille ist am Ende nichts mehr \u00fcbrig, geschw\u00e4tzig wird zusammengepackt und weitere Ideen f\u00fcr die Charaktere werden ausgetauscht.&nbsp;&nbsp;&nbsp;<\/p>\n","protected":false},"excerpt":{"rendered":"<p>Die Schweizer Autorin Mich\u00e8le Minelli kommt mit der Rohfassung ihres Romans \u2013 es ist ein Jugendroman \u2013 an die KSK und besucht die 25Ma und&hellip;<\/p>\n<p> <a class=\"more-link\" href=\"https:\/\/blog.ksk.ch\/index.php\/2023\/09\/07\/roman-manufaktur\/\">Read more<\/a><\/p>\n","protected":false},"author":13,"featured_media":2864,"comment_status":"open","ping_status":"open","sticky":false,"template":"","format":"standard","meta":{"footnotes":""},"categories":[1],"tags":[],"class_list":{"0":"post-2861","1":"post","2":"type-post","3":"status-publish","4":"format-standard","5":"has-post-thumbnail","7":"category-allgemein"},"publishpress_future_action":{"enabled":false,"date":"2026-05-08 03:10:58","action":"change-status","newStatus":"draft","terms":[],"taxonomy":"category","extraData":[]},"publishpress_future_workflow_manual_trigger":{"enabledWorkflows":[]},"_links":{"self":[{"href":"https:\/\/blog.ksk.ch\/index.php\/wp-json\/wp\/v2\/posts\/2861","targetHints":{"allow":["GET"]}}],"collection":[{"href":"https:\/\/blog.ksk.ch\/index.php\/wp-json\/wp\/v2\/posts"}],"about":[{"href":"https:\/\/blog.ksk.ch\/index.php\/wp-json\/wp\/v2\/types\/post"}],"author":[{"embeddable":true,"href":"https:\/\/blog.ksk.ch\/index.php\/wp-json\/wp\/v2\/users\/13"}],"replies":[{"embeddable":true,"href":"https:\/\/blog.ksk.ch\/index.php\/wp-json\/wp\/v2\/comments?post=2861"}],"version-history":[{"count":6,"href":"https:\/\/blog.ksk.ch\/index.php\/wp-json\/wp\/v2\/posts\/2861\/revisions"}],"predecessor-version":[{"id":2873,"href":"https:\/\/blog.ksk.ch\/index.php\/wp-json\/wp\/v2\/posts\/2861\/revisions\/2873"}],"wp:featuredmedia":[{"embeddable":true,"href":"https:\/\/blog.ksk.ch\/index.php\/wp-json\/wp\/v2\/media\/2864"}],"wp:attachment":[{"href":"https:\/\/blog.ksk.ch\/index.php\/wp-json\/wp\/v2\/media?parent=2861"}],"wp:term":[{"taxonomy":"category","embeddable":true,"href":"https:\/\/blog.ksk.ch\/index.php\/wp-json\/wp\/v2\/categories?post=2861"},{"taxonomy":"post_tag","embeddable":true,"href":"https:\/\/blog.ksk.ch\/index.php\/wp-json\/wp\/v2\/tags?post=2861"}],"curies":[{"name":"wp","href":"https:\/\/api.w.org\/{rel}","templated":true}]}}