{"id":3019,"date":"2023-11-22T11:15:29","date_gmt":"2023-11-22T11:15:29","guid":{"rendered":"https:\/\/blog.ksk.ch\/?p=3019"},"modified":"2023-11-22T11:15:31","modified_gmt":"2023-11-22T11:15:31","slug":"kanti-live-erleben","status":"publish","type":"post","link":"https:\/\/blog.ksk.ch\/index.php\/2023\/11\/22\/kanti-live-erleben\/","title":{"rendered":"Kanti Live erleben"},"content":{"rendered":"\n<p>Mit der dunklen Jahreszeit r\u00fcckt auch ein wichtiger Termin f\u00fcr alle Sekundarsch\u00fclerinnen und -sch\u00fcler n\u00e4her: Der Anmeldeschluss f\u00fcr die Aufnahmepr\u00fcfung am 10. Februar 2024. Bis dahin m\u00fcssen alle f\u00fcr sich die Frage beantwortet haben: \u00abWill ich \u00fcberhaupt an die Kanti?\u00bb<\/p>\n\n\n\n<p><em>Daniel Hurtado<\/em><\/p>\n\n\n\n<p class=\"has-drop-cap\">Mit den zahlreichen <a href=\"https:\/\/www.ksk.ch\/an-die-kanti.html\/4639\">An-die-Kanti-Angeboten<\/a> liefert die Kantonsschule Kreuzlingen Entscheidungshilfen f\u00fcr die Lernenden: Man kann an Workshops teilnehmen, direkt in den Unterricht hineinschnuppern oder Lernstrategien in Deutsch und Mathematik erproben. Wer an einem dieser Anl\u00e4sse dabei war, kennt schon vor dem ersten Schultag einige Lehrpersonen und die Kanti-Geb\u00e4ude.<\/p>\n\n\n\n<p>Doch was ist mit den Eltern? Seit der vielversprechenden Premiere im vergangenen Jahr gibt es mit \u00abKanti Live\u00bb auch f\u00fcr sie einen passenden Anlass. Er erm\u00f6glicht Kontakte zu Lehrpersonen und Schulleitung, h\u00e4lt aber auch spannende Projekte zum Ausprobieren bereit \u2013 am besten gleich zusammen mit den eigenen Kindern!<\/p>\n\n\n\n<figure class=\"wp-block-image size-full is-style-default\"><img fetchpriority=\"high\" decoding=\"async\" width=\"890\" height=\"1016\" src=\"https:\/\/blog.ksk.ch\/wp-content\/uploads\/2023\/11\/Ohne-Titel-1.jpg\" alt=\"\" class=\"wp-image-3021\" srcset=\"https:\/\/blog.ksk.ch\/wp-content\/uploads\/2023\/11\/Ohne-Titel-1.jpg 890w, https:\/\/blog.ksk.ch\/wp-content\/uploads\/2023\/11\/Ohne-Titel-1-263x300.jpg 263w, https:\/\/blog.ksk.ch\/wp-content\/uploads\/2023\/11\/Ohne-Titel-1-768x877.jpg 768w\" sizes=\"(max-width: 890px) 100vw, 890px\" \/><\/figure>\n\n\n\n<p>In diesem Schuljahr finden die beiden Anl\u00e4sse am Mittwoch, 29. November ab 18.00 Uhr und am Samstag, 20. Januar ab 10.00 Uhr statt. An beiden Tagen wartet ein attraktives Programm auf die Besucher \u2013 und auch f\u00fcr Verpflegung ist dank der Maturaklassen gesorgt. Neugierig geworden? Hier einige Highlights:<\/p>\n\n\n\n<ul class=\"wp-block-list\">\n<li>Eine feurige Chemievorf\u00fchrung<\/li>\n\n\n\n<li>Die \u00dcberfischung der Meere in einem gemeinsamen Fischteichspiel stoppen<\/li>\n\n\n\n<li>Unsere Schulzeitschrift \u00abKSKuarterly\u00bb mitgestalten<\/li>\n\n\n\n<li>Ein Rundgang mit unseren Lehrpersonen<\/li>\n\n\n\n<li>Die Sch\u00fclerorganisation SO ist mit einem Stand pr\u00e4sent<\/li>\n\n\n\n<li>Im Makerspace Schaltungen bauen<\/li>\n\n\n\n<li>Ein (wortw\u00f6rtlicher) Blick ins All<\/li>\n<\/ul>\n\n\n\n<p>Dar\u00fcber hinaus empfehlen wir auch den Besuch der zahlreichen Ausstellungen sowie die Informationen der Schulleitung zu den verschiedenen Spezialklassen und dem F\u00f6rderprogramm Balance an der KSK. <\/p>\n\n\n\n<p>Wir freuen uns auf Ihren Besuch!<\/p>\n\n\n\n<p><\/p>\n","protected":false},"excerpt":{"rendered":"<p>Mit der dunklen Jahreszeit r\u00fcckt auch ein wichtiger Termin f\u00fcr alle Sekundarsch\u00fclerinnen und -sch\u00fcler n\u00e4her: Der Anmeldeschluss f\u00fcr die Aufnahmepr\u00fcfung am 10. Februar 2024. Bis&hellip;<\/p>\n<p> <a class=\"more-link\" href=\"https:\/\/blog.ksk.ch\/index.php\/2023\/11\/22\/kanti-live-erleben\/\">Read more<\/a><\/p>\n","protected":false},"author":39,"featured_media":3021,"comment_status":"open","ping_status":"open","sticky":false,"template":"","format":"standard","meta":{"footnotes":""},"categories":[1],"tags":[],"class_list":{"0":"post-3019","1":"post","2":"type-post","3":"status-publish","4":"format-standard","5":"has-post-thumbnail","7":"category-allgemein"},"publishpress_future_action":{"enabled":false,"date":"2026-05-08 03:03:58","action":"change-status","newStatus":"draft","terms":[],"taxonomy":"category","extraData":[]},"publishpress_future_workflow_manual_trigger":{"enabledWorkflows":[]},"_links":{"self":[{"href":"https:\/\/blog.ksk.ch\/index.php\/wp-json\/wp\/v2\/posts\/3019","targetHints":{"allow":["GET"]}}],"collection":[{"href":"https:\/\/blog.ksk.ch\/index.php\/wp-json\/wp\/v2\/posts"}],"about":[{"href":"https:\/\/blog.ksk.ch\/index.php\/wp-json\/wp\/v2\/types\/post"}],"author":[{"embeddable":true,"href":"https:\/\/blog.ksk.ch\/index.php\/wp-json\/wp\/v2\/users\/39"}],"replies":[{"embeddable":true,"href":"https:\/\/blog.ksk.ch\/index.php\/wp-json\/wp\/v2\/comments?post=3019"}],"version-history":[{"count":4,"href":"https:\/\/blog.ksk.ch\/index.php\/wp-json\/wp\/v2\/posts\/3019\/revisions"}],"predecessor-version":[{"id":3028,"href":"https:\/\/blog.ksk.ch\/index.php\/wp-json\/wp\/v2\/posts\/3019\/revisions\/3028"}],"wp:featuredmedia":[{"embeddable":true,"href":"https:\/\/blog.ksk.ch\/index.php\/wp-json\/wp\/v2\/media\/3021"}],"wp:attachment":[{"href":"https:\/\/blog.ksk.ch\/index.php\/wp-json\/wp\/v2\/media?parent=3019"}],"wp:term":[{"taxonomy":"category","embeddable":true,"href":"https:\/\/blog.ksk.ch\/index.php\/wp-json\/wp\/v2\/categories?post=3019"},{"taxonomy":"post_tag","embeddable":true,"href":"https:\/\/blog.ksk.ch\/index.php\/wp-json\/wp\/v2\/tags?post=3019"}],"curies":[{"name":"wp","href":"https:\/\/api.w.org\/{rel}","templated":true}]}}