{"id":3764,"date":"2024-02-23T12:17:27","date_gmt":"2024-02-23T12:17:27","guid":{"rendered":"https:\/\/blog.ksk.ch\/?p=3764"},"modified":"2024-02-23T12:17:28","modified_gmt":"2024-02-23T12:17:28","slug":"ein-verein-fuer-mehr-nachhaltigkeit-an-der-ksk","status":"publish","type":"post","link":"https:\/\/blog.ksk.ch\/index.php\/2024\/02\/23\/ein-verein-fuer-mehr-nachhaltigkeit-an-der-ksk\/","title":{"rendered":"Ein Verein f\u00fcr mehr Nachhaltigkeit an der KSK"},"content":{"rendered":"\n<p>Im Sommer wurde die Kantonsschule Kreuzlingen ins weltweite Netzwerk Unesco-assoziierter Schulen aufgenommen. Nun haben sich die fr\u00fcheren Arbeitsgruppen Unesco und Klima zu einem Verein zusammengeschlossen, der k\u00fcnftig \u00fcber die Schulgemeinschaft hinaus f\u00fcr Nachhaltigkeit einstehen will. Informationen zum Engagement von Schule und Verein sind ab sofort auf <a href=\"https:\/\/nachhaltige.ksk.ch\/\">nachhaltige.ksk.ch<\/a> zu finden. <\/p>\n\n\n\n<p><em>Corina Tobler<\/em><\/p>\n\n\n\n<p class=\"has-drop-cap\">Es ist Freitagabend. Der rund zweist\u00fcndige Konvent ging soeben zu Ende, das Wochenende wartet. Die Gruppe, die sich im Lehrerzimmer der KSK zusammengesetzt hat, wartet allerdings nochmals einige Stunden auf ihren Feierabend. Die Ursache: Es steht eine Vereinsgr\u00fcndung an. Nach der Aufnahme ins Unesco-Netzwerk und der Definition zweier Schwerpunkte auf die UNO-Nachhaltigkeitsziele \u00abnachhaltige Energienutzung\u00bb und \u00abnachhaltige Konsumketten\u00bb will die KSK sicherstellen, dass sie sich f\u00fcr diese Ziele m\u00f6glichst effizient einsetzt. <\/p>\n\n\n<div class=\"wp-block-image\">\n<figure class=\"aligncenter size-large\"><img fetchpriority=\"high\" decoding=\"async\" width=\"1272\" height=\"715\" src=\"https:\/\/blog.ksk.ch\/wp-content\/uploads\/2024\/02\/Nachhaltige-KSK-edited.png\" alt=\"\" class=\"wp-image-3776\" srcset=\"https:\/\/blog.ksk.ch\/wp-content\/uploads\/2024\/02\/Nachhaltige-KSK-edited.png 1272w, https:\/\/blog.ksk.ch\/wp-content\/uploads\/2024\/02\/Nachhaltige-KSK-edited-300x169.png 300w, https:\/\/blog.ksk.ch\/wp-content\/uploads\/2024\/02\/Nachhaltige-KSK-edited-1024x576.png 1024w, https:\/\/blog.ksk.ch\/wp-content\/uploads\/2024\/02\/Nachhaltige-KSK-edited-768x432.png 768w\" sizes=\"(max-width: 1272px) 100vw, 1272px\" \/><figcaption class=\"wp-element-caption\">Die neue Website rund um Nachhaltigkeit an der KSK ist online.<\/figcaption><\/figure>\n<\/div>\n\n\n<h2 class=\"wp-block-heading\">Verein hat gr\u00f6sseren Aktionsradius<\/h2>\n\n\n\n<p>\u00abDie AG Unesco erreichte mit der erfolgreichen Kandidatur um Aufnahme ins Netzwerk ihr Ziel und die AG Klima hat besonders im Bereich \u00f6kologischer Nachhaltigkeit viel an der Schule bewirkt, vom Abfallkonzept \u00fcber Massnahmen im Innenhof bis zur Einf\u00fchrung des Vegitags in der Mensa\u00bb, blickt Rektor Marcello Indino, selbst AG-Unesco-Mitglied, kurz zur\u00fcck. Da beide AGs sich im Wesentlichen f\u00fcr Nachhaltigkeit engagieren, die sich \u00fcber die Dimensionen Gesellschaft, Wirtschaft und Umwelt erstreckt, sich aber in ihren Aktivit\u00e4ten auf das Schulinterne beschr\u00e4nken, kam die Idee einer Vereinsgr\u00fcndung auf. Als Verein, so Indino, b\u00f6ten sich mehr M\u00f6glichkeiten und man k\u00f6nne auch in Richtung Vernetzung in der Region arbeiten.<\/p>\n\n\n\n<h2 class=\"wp-block-heading\">Eine Vielzahl von Ideen<\/h2>\n\n\n\n<p>An der konstituierenden Sitzung von Unesco@KSK wird klar: Die Lehrpersonen am Tisch sind alle hochmotiviert, mit \u00f6ffentlichen Aktionen und weiteren schulinternen Massnahmen f\u00fcr eine langfristig bessere Zukunft des Planeten zusammenzuarbeiten. W\u00e4hrend \u00fcber zwei Stunden werden Ideen pr\u00e4sentiert, etwa dazu, wie der \u00f6kologisch diverse und wertvolle Innenhof didaktisch f\u00fcr die \u00d6ffentlichkeit aufgewertet werden k\u00f6nnte. \u00abDie AG Klima hatte dazu wie auch zu einem Sponsorenlauf bereits Ideen gesammelt. Die aktuellen Bauarbeiten haben aber, besonders in Bezug auf den Innenhof, einen Aufschub erfordert\u00bb, erkl\u00e4rt Annika J\u00e4ger, die mit Sibylle Engeler und Corina Tobler die Arbeit dieser Gruppe leitete. Michael Volkart, Mitglied der AG Unesco, will ein besonderes Augenmerk auf soziale Nachhaltigkeit und auf die Schaffung des Bewusstseins um die Problematik legen. \u00abTage wie der Overshoot Day oder der Equal Pay Day k\u00f6nnten im Rahmen von kleineren Vereinsaktionen hervorgehoben werden.\u00bb Johanna Feil ihrerseits schl\u00e4gt beispielsweise \u00f6ffentliche Vortr\u00e4ge vor \u2013 sie hat f\u00fcr die kommende Woche im Rahmen ihres Geografieunterrichts eine Rednerin aus Guatemala organisiert. Auch f\u00fcr Repair Days oder \u00e4hnliche Aktionen, bei denen der nachhaltige Konsum im Fokus steht, will sie sich engagieren. <\/p>\n\n\n\n<h2 class=\"wp-block-heading\">Sch\u00fclerschaft wird eingebunden<\/h2>\n\n\n\n<p>An Ideen mangelt es dem neuen Verein, der sich Unesco@KSK taufte, also nicht. Was genau in welchem Zeitrahmen umgesetzt wird und welche Aktionen der Verein sonst noch startet, muss nun definiert werden. Dazu folgt aber laut Marcello Indino zun\u00e4chst noch ein weiterer, zentraler Schritt: \u00abUnsere Sch\u00fclerinnen und Sch\u00fcler sollen in die T\u00e4tigkeiten des Vereins eingebunden werden, sofern sie das m\u00f6chten. Ihrer Generation ist die Nachhaltigkeit ja ein grosses Anliegen, sodass wir uns erhoffen, dass viele Vereinst\u00e4tigkeiten mit Unterst\u00fctzung oder gar auf Initiative von Sch\u00fclerinnen und Sch\u00fclern stattfinden.\u00bb<\/p>\n\n\n\n<h2 class=\"wp-block-heading\">Website ist bereits online<\/h2>\n\n\n\n<p>Wer mitverfolgen m\u00f6chte, welche Neuigkeiten es zu T\u00e4tigkeiten des Vereins und der Schule im Bereich Nachhaltigkeit gibt, kann dies ab sofort problemlos tun. Vergangene und aktuelle Projekte werden n\u00e4mlich neu auf der Webseite <a href=\"https:\/\/nachhaltige.ksk.ch\/\">nachhaltige.ksk.ch<\/a> vorgestellt. Dort finden sich bereits Texte, Bilder und Videos zu Spezialwochen, zum Obstgarten, zur Trockenmauer oder zum Bienenhotel. Dokumentiert ist auch die Geschichte der KSK-eigenen Photovoltaikanlage, die vor \u00fcber zehn Jahren von Sch\u00fclerinnen und Sch\u00fclern geplant und gebaut wurde. Ebenso findet sich ein \u00dcberblick \u00fcber die pr\u00e4mierten Maturaarbeiten, die sich mit einem der Nachhaltigkeitsziele der Unesco besch\u00e4ftigt haben.<\/p>\n","protected":false},"excerpt":{"rendered":"<p>Im Sommer wurde die Kantonsschule Kreuzlingen ins weltweite Netzwerk Unesco-assoziierter Schulen aufgenommen. Nun haben sich die fr\u00fcheren Arbeitsgruppen Unesco und Klima zu einem Verein zusammengeschlossen,&hellip;<\/p>\n<p> <a class=\"more-link\" href=\"https:\/\/blog.ksk.ch\/index.php\/2024\/02\/23\/ein-verein-fuer-mehr-nachhaltigkeit-an-der-ksk\/\">Read more<\/a><\/p>\n","protected":false},"author":9,"featured_media":3776,"comment_status":"open","ping_status":"open","sticky":false,"template":"","format":"standard","meta":{"footnotes":""},"categories":[1],"tags":[],"class_list":{"0":"post-3764","1":"post","2":"type-post","3":"status-publish","4":"format-standard","5":"has-post-thumbnail","7":"category-allgemein"},"publishpress_future_action":{"enabled":false,"date":"2026-05-07 13:24:26","action":"change-status","newStatus":"draft","terms":[],"taxonomy":"category","extraData":[]},"publishpress_future_workflow_manual_trigger":{"enabledWorkflows":[]},"_links":{"self":[{"href":"https:\/\/blog.ksk.ch\/index.php\/wp-json\/wp\/v2\/posts\/3764","targetHints":{"allow":["GET"]}}],"collection":[{"href":"https:\/\/blog.ksk.ch\/index.php\/wp-json\/wp\/v2\/posts"}],"about":[{"href":"https:\/\/blog.ksk.ch\/index.php\/wp-json\/wp\/v2\/types\/post"}],"author":[{"embeddable":true,"href":"https:\/\/blog.ksk.ch\/index.php\/wp-json\/wp\/v2\/users\/9"}],"replies":[{"embeddable":true,"href":"https:\/\/blog.ksk.ch\/index.php\/wp-json\/wp\/v2\/comments?post=3764"}],"version-history":[{"count":7,"href":"https:\/\/blog.ksk.ch\/index.php\/wp-json\/wp\/v2\/posts\/3764\/revisions"}],"predecessor-version":[{"id":3780,"href":"https:\/\/blog.ksk.ch\/index.php\/wp-json\/wp\/v2\/posts\/3764\/revisions\/3780"}],"wp:featuredmedia":[{"embeddable":true,"href":"https:\/\/blog.ksk.ch\/index.php\/wp-json\/wp\/v2\/media\/3776"}],"wp:attachment":[{"href":"https:\/\/blog.ksk.ch\/index.php\/wp-json\/wp\/v2\/media?parent=3764"}],"wp:term":[{"taxonomy":"category","embeddable":true,"href":"https:\/\/blog.ksk.ch\/index.php\/wp-json\/wp\/v2\/categories?post=3764"},{"taxonomy":"post_tag","embeddable":true,"href":"https:\/\/blog.ksk.ch\/index.php\/wp-json\/wp\/v2\/tags?post=3764"}],"curies":[{"name":"wp","href":"https:\/\/api.w.org\/{rel}","templated":true}]}}