{"id":3851,"date":"2024-04-18T06:09:49","date_gmt":"2024-04-18T06:09:49","guid":{"rendered":"https:\/\/blog.ksk.ch\/?p=3851"},"modified":"2024-04-18T06:09:50","modified_gmt":"2024-04-18T06:09:50","slug":"see-you-somewhere-in-europe","status":"publish","type":"post","link":"https:\/\/blog.ksk.ch\/index.php\/2024\/04\/18\/see-you-somewhere-in-europe\/","title":{"rendered":"See you somewhere in Europe"},"content":{"rendered":"\n<p>Das European Youth Parliament (EYP), eine Jugendorganisation mit Standorten in ganz Europa, vernetzt junge Erwachsene aus verschiedenen L\u00e4ndern. In jedem Land gibt es einen eigenen Verein, der die j\u00e4hrlichen Landessitzungen organisiert. \u00dcber die Mitgliederplattform der Organisation kann man sich als Official, also als Organisator und Verantwortlicher, f\u00fcr die Session des eigenen Landes sowie f\u00fcr Veranstaltungen in anderen L\u00e4ndern bewerben. Als Delegierte oder Delegierter hingegen muss man sich bei der National Selection Conference im eigenen Land beweisen, um dann f\u00fcr eine internationale Session ausgew\u00e4hlt zu werden. Wir hatten das Gl\u00fcck, in diesem Schuljahr nach D\u00e4nemark reisen zu d\u00fcrfen.<\/p>\n\n\n\n<p><em>Fiona Br\u00fctsch und Leonie L\u00fcders<\/em><\/p>\n\n\n\n<p class=\"has-drop-cap\">Unsere Reise begann am 15. Februar mit einem Flug nach Kopenhagen in D\u00e4nemark. Dort verbrachten wir unseren ersten Tag. Am Abend sind wir dann nach Vejle gefahren, wo unsere Session stattfand.<\/p>\n\n\n\n<p>Am n\u00e4chsten Tag begann die Session. Zuerst fand das General Teambuilding statt, bei dem sich alle kennenlernten. Danach trafen wir zum ersten Mal unsere Komitees. Mit diesen erarbeiteten wir in den n\u00e4chsten zwei Tagen die Resolution zu unseren Themen Energiewende und selbstfahrende Autos. Gemeinsam informierten wir uns, identifizierten Probleme und entwickelten L\u00f6sungsans\u00e4tze. W\u00e4hrend der Coffee Breaks konnten wir uns verpflegen und uns mit Leuten aus anderen Komitees austauschen.<\/p>\n\n\n\n<p>Am letzten Tag, dem die gesamte Vorbereitung gewidmet war, wurden die Resolutionen der einzelnen Comittees ausf\u00fchrlich diskutiert. Nach der Diskussion wurde abgestimmt, ob die Resolutionen angenommen oder abgelehnt werden sollten. Erfreulicherweise wurden beide unserer Resolutionen angenommen. Die Session endete mit der Abschlusszeremonie, nach der wir uns leider von unseren neuen Freunden verabschieden mussten. Wir hoffen aber, sie bald irgendwo in Europa wiederzusehen.<br>Nach einem ausgiebigen Fr\u00fchst\u00fcck hoch oben in unserem Hotel mussten wir Vejle verlassen, um wie alle anderen nach Hause zu fahren.<\/p>\n\n\n\n<figure class=\"wp-block-image size-full is-style-default\"><img fetchpriority=\"high\" decoding=\"async\" width=\"2560\" height=\"1874\" src=\"https:\/\/blog.ksk.ch\/wp-content\/uploads\/2024\/04\/IMG_5332-1-scaled.jpeg\" alt=\"\" class=\"wp-image-3853\" srcset=\"https:\/\/blog.ksk.ch\/wp-content\/uploads\/2024\/04\/IMG_5332-1-scaled.jpeg 2560w, https:\/\/blog.ksk.ch\/wp-content\/uploads\/2024\/04\/IMG_5332-1-300x220.jpeg 300w, https:\/\/blog.ksk.ch\/wp-content\/uploads\/2024\/04\/IMG_5332-1-1024x750.jpeg 1024w, https:\/\/blog.ksk.ch\/wp-content\/uploads\/2024\/04\/IMG_5332-1-768x562.jpeg 768w, https:\/\/blog.ksk.ch\/wp-content\/uploads\/2024\/04\/IMG_5332-1-1536x1125.jpeg 1536w, https:\/\/blog.ksk.ch\/wp-content\/uploads\/2024\/04\/IMG_5332-1-2048x1499.jpeg 2048w\" sizes=\"(max-width: 2560px) 100vw, 2560px\" \/><figcaption class=\"wp-element-caption\">&#171;See you somewhere in Europe!&#187; (Leonie L\u00fcders)<\/figcaption><\/figure>\n\n\n\n<p>Auch wenn die Session vorbei ist, unsere Reise f\u00fcr das EYP ist noch lange nicht zu Ende \u2013 sie hat gerade erst begonnen. Das Leben als Delegierte ist mit der Session in D\u00e4nemark zu Ende gegangen, aber als Organisatoren der Regionalen Session in Luzern 2024 steht die n\u00e4chste Veranstaltung schon in den Startl\u00f6chern. Als Organisator ist man mit seinem Team f\u00fcr die Planung der gesamten Session verantwortlich, was die Organisation der R\u00e4umlichkeiten, der Verpflegung, der Teilnehmenden und vieles mehr beinhaltet.<\/p>\n\n\n\n<figure class=\"wp-block-image size-full is-style-default\"><img decoding=\"async\" width=\"952\" height=\"630\" src=\"https:\/\/blog.ksk.ch\/wp-content\/uploads\/2024\/04\/eyp.jpg\" alt=\"\" class=\"wp-image-3854\" srcset=\"https:\/\/blog.ksk.ch\/wp-content\/uploads\/2024\/04\/eyp.jpg 952w, https:\/\/blog.ksk.ch\/wp-content\/uploads\/2024\/04\/eyp-300x199.jpg 300w, https:\/\/blog.ksk.ch\/wp-content\/uploads\/2024\/04\/eyp-768x508.jpg 768w\" sizes=\"(max-width: 952px) 100vw, 952px\" \/><figcaption class=\"wp-element-caption\">\u00abUnsere Reise f\u00fcr das EYP ist noch lange nicht zu Ende.\u00bb (Fiona Br\u00fctsch)<\/figcaption><\/figure>\n\n\n\n<p><\/p>\n","protected":false},"excerpt":{"rendered":"<p>Das European Youth Parliament (EYP), eine Jugendorganisation mit Standorten in ganz Europa, vernetzt junge Erwachsene aus verschiedenen L\u00e4ndern. In jedem Land gibt es einen eigenen&hellip;<\/p>\n<p> <a class=\"more-link\" href=\"https:\/\/blog.ksk.ch\/index.php\/2024\/04\/18\/see-you-somewhere-in-europe\/\">Read more<\/a><\/p>\n","protected":false},"author":39,"featured_media":3855,"comment_status":"open","ping_status":"open","sticky":false,"template":"","format":"standard","meta":{"footnotes":""},"categories":[1],"tags":[],"class_list":{"0":"post-3851","1":"post","2":"type-post","3":"status-publish","4":"format-standard","5":"has-post-thumbnail","7":"category-allgemein"},"publishpress_future_action":{"enabled":false,"date":"2026-05-06 05:07:04","action":"change-status","newStatus":"draft","terms":[],"taxonomy":"category","extraData":[]},"publishpress_future_workflow_manual_trigger":{"enabledWorkflows":[]},"_links":{"self":[{"href":"https:\/\/blog.ksk.ch\/index.php\/wp-json\/wp\/v2\/posts\/3851","targetHints":{"allow":["GET"]}}],"collection":[{"href":"https:\/\/blog.ksk.ch\/index.php\/wp-json\/wp\/v2\/posts"}],"about":[{"href":"https:\/\/blog.ksk.ch\/index.php\/wp-json\/wp\/v2\/types\/post"}],"author":[{"embeddable":true,"href":"https:\/\/blog.ksk.ch\/index.php\/wp-json\/wp\/v2\/users\/39"}],"replies":[{"embeddable":true,"href":"https:\/\/blog.ksk.ch\/index.php\/wp-json\/wp\/v2\/comments?post=3851"}],"version-history":[{"count":2,"href":"https:\/\/blog.ksk.ch\/index.php\/wp-json\/wp\/v2\/posts\/3851\/revisions"}],"predecessor-version":[{"id":3858,"href":"https:\/\/blog.ksk.ch\/index.php\/wp-json\/wp\/v2\/posts\/3851\/revisions\/3858"}],"wp:featuredmedia":[{"embeddable":true,"href":"https:\/\/blog.ksk.ch\/index.php\/wp-json\/wp\/v2\/media\/3855"}],"wp:attachment":[{"href":"https:\/\/blog.ksk.ch\/index.php\/wp-json\/wp\/v2\/media?parent=3851"}],"wp:term":[{"taxonomy":"category","embeddable":true,"href":"https:\/\/blog.ksk.ch\/index.php\/wp-json\/wp\/v2\/categories?post=3851"},{"taxonomy":"post_tag","embeddable":true,"href":"https:\/\/blog.ksk.ch\/index.php\/wp-json\/wp\/v2\/tags?post=3851"}],"curies":[{"name":"wp","href":"https:\/\/api.w.org\/{rel}","templated":true}]}}