{"id":4891,"date":"2026-08-31T11:14:46","date_gmt":"2026-08-31T11:14:46","guid":{"rendered":"https:\/\/blog.ksk.ch\/?p=4891"},"modified":"2026-08-31T11:16:01","modified_gmt":"2026-08-31T11:16:01","slug":"bauen-und-denken-fuer-nachhaltige-entwicklung","status":"publish","type":"post","link":"https:\/\/blog.ksk.ch\/index.php\/2026\/08\/31\/bauen-und-denken-fuer-nachhaltige-entwicklung\/","title":{"rendered":"Bauen und Denken f\u00fcr nachhaltige Entwicklung"},"content":{"rendered":"\n<p class=\"wp-block-paragraph\">Was ver\u00e4ndern wir, was bewahren wir? Diese Fragen stellen sich nicht nur bei der Gestaltung unserer Schulr\u00e4ume, sondern auch im Umgang mit neuen Technologien. W\u00e4hrend wir den Innenhof begr\u00fcnen und damit neue R\u00e4ume f\u00fcr Mensch und Natur schaffen, besch\u00e4ftigen wir uns zugleich mit den Ver\u00e4nderungen, die k\u00fcnstliche Intelligenz und digitale Medien in Schule und Gesellschaft mit sich bringen. Nachhaltige Entwicklung bedeutet deshalb auch, bewusst zu entscheiden, was wir weiterentwickeln \u2013 und welche F\u00e4higkeiten, Gewohnheiten und Werte wir dabei bewahren wollen.<\/p>\n\n\n\n<p class=\"wp-block-paragraph\"><em>Marcello Indino<\/em><\/p>\n\n\n\n<p class=\"has-drop-cap wp-block-paragraph\">Unsere Schulgemeinschaft w\u00e4chst stetig \u2013 allerdings wachsen unsere Schulgeb\u00e4ude nicht im gleichen Tempo mit. Dennoch ver\u00e4ndert sich die Kantonsschule Kreuzlingen laufend. Die Sanierung der Fassade des Neubaus, der vor mehr als einem Vierteljahrhundert der Schulgemeinschaft \u00fcbergeben wurde, soll noch vor den Herbstferien abgeschlossen sein. Auch der Baukran und Teile der Bauz\u00e4une, die den Innenhof w\u00e4hrend mehr als eines Jahres gepr\u00e4gt haben, sind inzwischen verschwunden.<\/p>\n\n\n\n<figure class=\"wp-block-image size-large\"><img fetchpriority=\"high\" decoding=\"async\" width=\"1024\" height=\"682\" src=\"https:\/\/blog.ksk.ch\/wp-content\/uploads\/2026\/08\/2026_08_KSK_leitung_12-1024x682.jpg\" alt=\"\" class=\"wp-image-4893\" srcset=\"https:\/\/blog.ksk.ch\/wp-content\/uploads\/2026\/08\/2026_08_KSK_leitung_12-1024x682.jpg 1024w, https:\/\/blog.ksk.ch\/wp-content\/uploads\/2026\/08\/2026_08_KSK_leitung_12-767x511.jpg 767w, https:\/\/blog.ksk.ch\/wp-content\/uploads\/2026\/08\/2026_08_KSK_leitung_12-300x200.jpg 300w, https:\/\/blog.ksk.ch\/wp-content\/uploads\/2026\/08\/2026_08_KSK_leitung_12-1536x1024.jpg 1536w, https:\/\/blog.ksk.ch\/wp-content\/uploads\/2026\/08\/2026_08_KSK_leitung_12.jpg 2000w\" sizes=\"(max-width: 1024px) 100vw, 1024px\" \/><figcaption class=\"wp-element-caption\">Rektor Dr. phil. Marcello Indino im Aussenklassenzimmer der Kantonsschule Kreuzlingen. (Mayk Wendt)<\/figcaption><\/figure>\n\n\n\n<p class=\"wp-block-paragraph\">Nach den Herbstferien wird der Innenhof gemeinsam mit der Terrasse neben dem Geografiezimmer im Rahmen eines kantonalen Biodiversit\u00e4tsprojekts begr\u00fcnt. Ab dem kommenden Fr\u00fchling entstehen dadurch also endlich zus\u00e4tzliche Schattenpl\u00e4tze, so dass das Klima in Teilen der Klassenzimmer des Neubaus positiv beeinflusst sein d\u00fcrfte. Zu einem sp\u00e4teren Zeitpunkt soll auch der Belag rund um den Baumbestand an der Pestalozzistrasse naturgerechter gestaltet werden, was diesem genug Platz zum Atmen \u2013 und Weiterleben \u2013 geben wird.&nbsp;<\/p>\n\n\n\n<p class=\"wp-block-paragraph\">Nachhaltige Entwicklung zeigt sich an unserer Schule jedoch nicht nur in der Gestaltung unserer Umgebung. Als UNESCO-assoziierte Schule verstehen wir Nachhaltigkeit umfassend, denn dazu geh\u00f6ren \u00f6kologische, soziale und \u00f6konomische Aspekte. Und damit auch die Frage, wie wir in Zukunft mit Technologie und deren Einfluss auf die eigenen Denk- und Arbeitsgewohnheiten umgehen sollen. Konkret angesprochen ist die schwindelerregende Entwicklung k\u00fcnstlicher Intelligenz.<\/p>\n\n\n\n<p class=\"wp-block-paragraph\">Digitale Technologien er\u00f6ffnen unseren Sch\u00fclerinnen und Sch\u00fclern enorme M\u00f6glichkeiten, bergen aber auch die Gefahr, dass wir uns in einer schier unendlichen digitalen Welt verlieren. K\u00fcnstliche Intelligenz kann zwar repetitive Aufgaben \u00fcbernehmen und uns damit Freiraum f\u00fcr T\u00e4tigkeiten schenken, die Reflexion, Kreativit\u00e4t und menschliches Urteilsverm\u00f6gen erfordern. Gleichzeitig m\u00fcssen wir darauf achten, dass gerade jene Kompetenzen nicht verschwinden, die in Zukunft besonders gefragt sein werden.<\/p>\n\n\n\n<p class=\"wp-block-paragraph\">Deshalb haben wir in unserem Leitbild das Themenpaar <em>Kritisches Denken und K\u00fcnstliche Intelligenz<\/em> gebildet und im Sinne einer zus\u00e4tzlichen Leitbildlinie besonders hervorgehoben. Denn was wir vermeiden m\u00f6chten, ist, dass digitale Technologien, auf der einen Seite, grunds\u00e4tzlich abgelehnt oder auf der anderen Seite unkritisch \u00fcbernommen werden. Vielmehr soll ein bewusster und verantwortungsvoller Umgang mit ihnen entwickelt werden. Das gilt selbstverst\u00e4ndlich auch f\u00fcr die Nutzung von Smartphones und der vermeintlich sozialen Umgebung, die man damit st\u00e4ndig mit sich tr\u00e4gt.<\/p>\n\n\n\n<p class=\"wp-block-paragraph\">Aktuell besch\u00e4ftigt sich eine Arbeitsgruppe mit der Frage, ob und wie die Schule st\u00e4rker regulierend eingreifen soll. Dabei stehen sich vereinfacht zwei p\u00e4dagogische Ans\u00e4tze gegen\u00fcber: Der eine setzt auf Selbstverantwortung und m\u00f6chte Jugendliche dabei unterst\u00fctzen, aus eigener Erfahrung einen reflektierten Umgang mit digitalen Medien zu entwickeln. Der andere betont die Notwendigkeit von proaktivem und altersgerechtem Schutz vor den negativen Auswirkungen einer zunehmend digitalen Lebenswelt. Welche Richtung die Kantonsschule Kreuzlingen letztlich einschlagen wird, ist noch offen. Erste Vorschl\u00e4ge wurden dem Konvent und der Sch\u00fclerschaft vorgestellt und werden nun diskutiert. Damit schliesst sich der Kreis zur baulichen Entwicklung unserer Schule: Nachhaltigkeit bedeutet nicht nur, unsere gebaute Umgebung zukunftsf\u00e4hig zu gestalten. Sie bedeutet ebenso, junge Menschen dazu zu bef\u00e4higen, ihre Zukunft mit und in der digitalen Umgebung kritisch, selbstwirksam und verantwortungsvoll mitzugestalten. Auch deshalb f\u00fchren wir neben den bereits etablierten Aktionswochen zum <em>Kritischen Denken<\/em> im kommenden Fr\u00fchlingssemester erstmals eine Aktionswoche zum Thema <em>Nachhaltigkeit<\/em> durch.<\/p>\n","protected":false},"excerpt":{"rendered":"<p>Was ver\u00e4ndern wir, was bewahren wir? Diese Fragen stellen sich nicht nur bei der Gestaltung unserer Schulr\u00e4ume, sondern auch im Umgang mit neuen Technologien. W\u00e4hrend&hellip;<\/p>\n<p> <a class=\"more-link\" href=\"https:\/\/blog.ksk.ch\/index.php\/2026\/08\/31\/bauen-und-denken-fuer-nachhaltige-entwicklung\/\">Read more<\/a><\/p>\n","protected":false},"author":39,"featured_media":4893,"comment_status":"open","ping_status":"open","sticky":false,"template":"","format":"standard","meta":{"footnotes":""},"categories":[1],"tags":[],"class_list":["post-4891","post","type-post","status-publish","format-standard","has-post-thumbnail","category-allgemein"],"publishpress_future_action":{"enabled":false,"date":"2026-09-08 05:07:02","action":"change-status","newStatus":"draft","terms":[],"taxonomy":"category","extraData":[]},"publishpress_future_workflow_manual_trigger":{"enabledWorkflows":[]},"_links":{"self":[{"href":"https:\/\/blog.ksk.ch\/index.php\/wp-json\/wp\/v2\/posts\/4891","targetHints":{"allow":["GET"]}}],"collection":[{"href":"https:\/\/blog.ksk.ch\/index.php\/wp-json\/wp\/v2\/posts"}],"about":[{"href":"https:\/\/blog.ksk.ch\/index.php\/wp-json\/wp\/v2\/types\/post"}],"author":[{"embeddable":true,"href":"https:\/\/blog.ksk.ch\/index.php\/wp-json\/wp\/v2\/users\/39"}],"replies":[{"embeddable":true,"href":"https:\/\/blog.ksk.ch\/index.php\/wp-json\/wp\/v2\/comments?post=4891"}],"version-history":[{"count":4,"href":"https:\/\/blog.ksk.ch\/index.php\/wp-json\/wp\/v2\/posts\/4891\/revisions"}],"predecessor-version":[{"id":4896,"href":"https:\/\/blog.ksk.ch\/index.php\/wp-json\/wp\/v2\/posts\/4891\/revisions\/4896"}],"wp:featuredmedia":[{"embeddable":true,"href":"https:\/\/blog.ksk.ch\/index.php\/wp-json\/wp\/v2\/media\/4893"}],"wp:attachment":[{"href":"https:\/\/blog.ksk.ch\/index.php\/wp-json\/wp\/v2\/media?parent=4891"}],"wp:term":[{"taxonomy":"category","embeddable":true,"href":"https:\/\/blog.ksk.ch\/index.php\/wp-json\/wp\/v2\/categories?post=4891"},{"taxonomy":"post_tag","embeddable":true,"href":"https:\/\/blog.ksk.ch\/index.php\/wp-json\/wp\/v2\/tags?post=4891"}],"curies":[{"name":"wp","href":"https:\/\/api.w.org\/{rel}","templated":true}]}}